{"id":3040,"date":"2024-05-24T10:35:59","date_gmt":"2024-05-24T10:35:59","guid":{"rendered":"http:\/\/cobandalucia.org\/?p=3040"},"modified":"2024-05-24T10:38:17","modified_gmt":"2024-05-24T10:38:17","slug":"3040-2","status":"publish","type":"post","link":"https:\/\/cobandalucia.org\/en\/3040-2\/","title":{"rendered":"Debate electoral. El Futuro del Pacto Verde en Europa"},"content":{"rendered":"<h2>Debate electoral. El Futuro del Pacto Verde en Europa<\/h2>\n<article><strong>Talento para la Sostenibilidad<\/strong>\u00a0y\u00a0<strong>Fundaci\u00f3n Conama<\/strong>, convoca\u00a0el debate electoral\u00a0<strong>\u00abEl Futuro del Pacto Verde en Europa\u00bb<\/strong>\u00a0con el apoyo de la C\u00e1tedra \u201cEnerg\u00eda y Sostenibilidad\u201d de la\u00a0<strong>Fundaci\u00f3n Ortega-Mara\u00f1\u00f3n.<\/strong>Ser\u00e1 el pr\u00f3ximo\u00a0<strong>28 de mayo<\/strong>, a las\u00a0<strong>12:00h<\/strong>, en la\u00a0<strong>sala \u201cMar\u00eda de Maeztu\u201d de la\u00a0<\/strong><a href=\"https:\/\/www.google.com\/maps\/place\/Fundaci%C3%B3n+Jos%C3%A9+Ortega+y+Gasset+-+Gregorio+Mara%C3%B1%C3%B3n\/@40.4348526,-3.6904299,16z\/data=!3m1!4b1!4m6!3m5!1s0xd4228ece009db93:0x70baebae1e21f16a!8m2!3d40.4348526!4d-3.6904299!16s%2Fg%2F122pl4rr?entry=ttu\" target=\"_blank\" rel=\"noopener\"><strong>Fundaci\u00f3n Ortega-Mara\u00f1on<\/strong><\/a><strong>\u00a0en Madrid\u00a0<\/strong>y pod\u00e9is inscribiros en el siguiente link:\u00a0<a href=\"https:\/\/forms.gle\/aGZjiKknV6jJN4TWA\" target=\"_blank\" rel=\"noopener\">https:\/\/forms.gle\/aGZjiKknV6jJN4TWA<\/a><a href=\"https:\/\/forms.gle\/aGZjiKknV6jJN4TWA.\" target=\"_blank\" rel=\"noopener\">.<\/a><\/p>\n<p>Esperamos vuestra participaci\u00f3n en este necesario debate.<\/p>\n<\/article>","protected":false},"excerpt":{"rendered":"<p>Debate electoral. El Futuro del Pacto Verde en Europa Talento  [&#8230;]<\/p>\n","protected":false},"author":3,"featured_media":3042,"comment_status":"open","ping_status":"open","sticky":false,"template":"","format":"standard","meta":{"iawp_total_views":0,"footnotes":""},"categories":[67],"tags":[],"class_list":["post-3040","post","type-post","status-publish","format-standard","has-post-thumbnail","hentry","category-general"],"_links":{"self":[{"href":"https:\/\/cobandalucia.org\/en\/wp-json\/wp\/v2\/posts\/3040","targetHints":{"allow":["GET"]}}],"collection":[{"href":"https:\/\/cobandalucia.org\/en\/wp-json\/wp\/v2\/posts"}],"about":[{"href":"https:\/\/cobandalucia.org\/en\/wp-json\/wp\/v2\/types\/post"}],"author":[{"embeddable":true,"href":"https:\/\/cobandalucia.org\/en\/wp-json\/wp\/v2\/users\/3"}],"replies":[{"embeddable":true,"href":"https:\/\/cobandalucia.org\/en\/wp-json\/wp\/v2\/comments?post=3040"}],"version-history":[{"count":2,"href":"https:\/\/cobandalucia.org\/en\/wp-json\/wp\/v2\/posts\/3040\/revisions"}],"predecessor-version":[{"id":3046,"href":"https:\/\/cobandalucia.org\/en\/wp-json\/wp\/v2\/posts\/3040\/revisions\/3046"}],"wp:featuredmedia":[{"embeddable":true,"href":"https:\/\/cobandalucia.org\/en\/wp-json\/wp\/v2\/media\/3042"}],"wp:attachment":[{"href":"https:\/\/cobandalucia.org\/en\/wp-json\/wp\/v2\/media?parent=3040"}],"wp:term":[{"taxonomy":"category","embeddable":true,"href":"https:\/\/cobandalucia.org\/en\/wp-json\/wp\/v2\/categories?post=3040"},{"taxonomy":"post_tag","embeddable":true,"href":"https:\/\/cobandalucia.org\/en\/wp-json\/wp\/v2\/tags?post=3040"}],"curies":[{"name":"wp","href":"https:\/\/api.w.org\/{rel}","templated":true}]}}