{"id":3590,"date":"2024-06-26T11:00:14","date_gmt":"2024-06-26T11:00:14","guid":{"rendered":"http:\/\/cobandalucia.org\/?p=3590"},"modified":"2024-06-26T11:02:53","modified_gmt":"2024-06-26T11:02:53","slug":"entrega-de-los-v-premios-tfg-del-coba","status":"publish","type":"post","link":"https:\/\/cobandalucia.org\/en\/entrega-de-los-v-premios-tfg-del-coba\/","title":{"rendered":"Entrega de los V Premios TFG del COBA"},"content":{"rendered":"<p>El pasado viernes 21 de junio, el Colegio Oficial de Bi\u00f3logos de Andaluc\u00eda entreg\u00f3 los<\/p>\n<p><strong>V Premios TFG<\/strong> del COBA en la facultad de Biolog\u00eda de Sevilla, a los cuales les estamos agradecidos por su hospitalidad.<\/p>\n<p>&nbsp;<\/p>\n<p>Queremos felicitar a las premiadas que pudieron asistir Judith Garc\u00eda Mart\u00edn con su primer premio, y a Marina P\u00e9rez Rueda con su tercer premio. Nuestra segunda ganadora no pudo estar presente por problemas de agenda, Laura Jim\u00e9nez S\u00e1nchez a la cual tambi\u00e9n agradecemos su esfuerzo.<\/p>\n<p>&nbsp;<\/p>\n<p>Al acto asistieron D. Diego Franco Jaime y D\u00aa Mar\u00eda Jose Grande Burgos, decano y vicedecana de la Facultad de Biolog\u00eda de Ja\u00e9n. Por la Universidad Pablo de Olavide D\u00aa Laura L\u00f3pez Cruz (Vicerrectora de Relaciones Institucionales y Fundaciones) y D. Jos\u00e9 Antonio S\u00e1nchez Medina (Vicerrector de Planificaci\u00f3n Estrat\u00e9gica). Y por la Universidad de Sevilla D. Luis Jacinto Herrero Rama (Decano Facultad Biolog\u00eda), D\u00aa Rosa M\u00aa Luna Varo (Vicedecana de Investigaci\u00f3n y Movilidad Internacional) y D\u00aa Maria Jose Huertas Romera (Vicedecana de Estudiantes, Movilidad Nacional e Innovaci\u00f3n Docente).<\/p>\n<p>&nbsp;<\/p>\n<p>Por parte del COBA asistieron D. Jos\u00e9 Berros Elbaz, Decano, D\u00aa Marta I. Gonzalez Cabrera (Secretaria) y D. Jos\u00e9 Luis Daza Cordero (exsecretaria del COBA y coordinador de los premios).<\/p>\n<p>&nbsp;<\/p>\n<p>A todos los asistentes, autoridades y familiares de los premiados, much\u00edsimas gracias por la asistencia.<\/p>","protected":false},"excerpt":{"rendered":"<p>El pasado viernes 21 de junio, el Colegio Oficial de  [&#8230;]<\/p>\n","protected":false},"author":3,"featured_media":0,"comment_status":"open","ping_status":"open","sticky":false,"template":"","format":"standard","meta":{"iawp_total_views":7,"footnotes":""},"categories":[69,67,75],"tags":[],"class_list":["post-3590","post","type-post","status-publish","format-standard","hentry","category-formacion","category-general","category-universidad-e-investigacion"],"_links":{"self":[{"href":"https:\/\/cobandalucia.org\/en\/wp-json\/wp\/v2\/posts\/3590","targetHints":{"allow":["GET"]}}],"collection":[{"href":"https:\/\/cobandalucia.org\/en\/wp-json\/wp\/v2\/posts"}],"about":[{"href":"https:\/\/cobandalucia.org\/en\/wp-json\/wp\/v2\/types\/post"}],"author":[{"embeddable":true,"href":"https:\/\/cobandalucia.org\/en\/wp-json\/wp\/v2\/users\/3"}],"replies":[{"embeddable":true,"href":"https:\/\/cobandalucia.org\/en\/wp-json\/wp\/v2\/comments?post=3590"}],"version-history":[{"count":1,"href":"https:\/\/cobandalucia.org\/en\/wp-json\/wp\/v2\/posts\/3590\/revisions"}],"predecessor-version":[{"id":3593,"href":"https:\/\/cobandalucia.org\/en\/wp-json\/wp\/v2\/posts\/3590\/revisions\/3593"}],"wp:attachment":[{"href":"https:\/\/cobandalucia.org\/en\/wp-json\/wp\/v2\/media?parent=3590"}],"wp:term":[{"taxonomy":"category","embeddable":true,"href":"https:\/\/cobandalucia.org\/en\/wp-json\/wp\/v2\/categories?post=3590"},{"taxonomy":"post_tag","embeddable":true,"href":"https:\/\/cobandalucia.org\/en\/wp-json\/wp\/v2\/tags?post=3590"}],"curies":[{"name":"wp","href":"https:\/\/api.w.org\/{rel}","templated":true}]}}