{"id":3668,"date":"2024-09-10T10:32:31","date_gmt":"2024-09-10T10:32:31","guid":{"rendered":"http:\/\/cobandalucia.org\/?p=3668"},"modified":"2024-09-10T10:32:31","modified_gmt":"2024-09-10T10:32:31","slug":"webinar-gratuito-titulado-claves-para-llevar-el-lenguaje-claro-al-ambito-profesional","status":"publish","type":"post","link":"https:\/\/cobandalucia.org\/en\/webinar-gratuito-titulado-claves-para-llevar-el-lenguaje-claro-al-ambito-profesional\/","title":{"rendered":"Webinar gratuito titulado Claves para llevar el lenguaje claro al \u00e1mbito profesional."},"content":{"rendered":"<p>El pr\u00f3ximo\u00a0d\u00eda\u00a0<strong>17 de septiembre\u00a0de 11.30 a 13.30 horas<\/strong>\u00a0celebraremos junto con LA LEY un webinar gratuito titulado <strong><a href=\"https:\/\/unionprofesional.com\/lenguajeclaro.pdf\">Claves para llevar el lenguaje claro al \u00e1mbito profesional.<\/a><\/strong><\/p>\n<p>&nbsp;<\/p>\n<p>Esta\u00a0sesi\u00f3n ser\u00e1 impartida\u00a0 por\u00a0<strong>Antonio Mart\u00edn, <\/strong>CEO de <a href=\"https:\/\/www.calamoycran.com\/\">C\u00c1LAMO&amp;CRAN<\/a> y <a href=\"https:\/\/enclaro.es\/\">EnClaro<\/a>,\u00a0y abordar\u00e1, desde una perspectiva te\u00f3rico-pr\u00e1ctica, los siguientes temas:<\/p>\n<p>&nbsp;<\/p>\n<ol>\n<li>\u00c1mbito normativo en su fomento: desde el buen gobierno y gobierno abierto hasta la UNE-ISO 24495-1:202<\/li>\n<li>El cambio de paradigma: comprender al destinatario para que te comprendan mejor.<\/li>\n<li>Recursos para simplificar el lenguaje: la Inteligencia Artificial.<\/li>\n<li>Errores comunes y beneficios \u2014confianza, seguridad y productividad\u2014.<\/li>\n<li>Alineaci\u00f3n con valores, objetivos, compromisos de la profesi\u00f3n, la instituci\u00f3n y los ODS.<\/li>\n<li>Ejemplos de \u00e1mbitos de aplicaci\u00f3n del lenguaje claro: c\u00f3digo deontol\u00f3gico, reglamento de r\u00e9gimen interno, estatutos generales, normativa de aplicaci\u00f3n a cada profesi\u00f3n, contenido web, declaraciones institucionales, etc.<\/li>\n<li>Pasos para implantar lenguaje claro en las corporaciones colegiales<\/li>\n<\/ol>\n<ul>\n<li>Inscripciones gratuitas en el siguiente\u00a0<a href=\"https:\/\/us06web.zoom.us\/webinar\/register\/WN_pvnR1A0qQkqGx_fS1rJSaQ#\/registration\">enlace\u00a0<\/a>antes del lunes 16 de septiembre.<\/li>\n<\/ul>\n<p>&nbsp;<\/p>\n<p>Esta sesi\u00f3n, como la realizada el pasado mes de julio sobre\u00a0<a href=\"https:\/\/unionprofesional.com\/verificar-la-informacion-estrategia-contra-la-desinformacion\/\">verificaci\u00f3n de la informaci\u00f3n<\/a>,\u00a0se enmarca en las acciones derivadas del\u00a0<a href=\"https:\/\/unionprofesional.com\/estudio\/profesiones-colegiadas-y-sector-empresarial-en-pro-de-la-seguridad-nacional\/\">trabajo resultado del Foro Integral de Cultura de Seguridad Nacional<\/a>, del que Uni\u00f3n Profesional forma parte.<\/p>","protected":false},"excerpt":{"rendered":"<p>El pr\u00f3ximo\u00a0d\u00eda\u00a017 de septiembre\u00a0de 11.30 a 13.30 horas\u00a0celebraremos junto con  [&#8230;]<\/p>\n","protected":false},"author":3,"featured_media":3669,"comment_status":"open","ping_status":"open","sticky":false,"template":"","format":"standard","meta":{"iawp_total_views":0,"footnotes":""},"categories":[69,67,75],"tags":[],"class_list":["post-3668","post","type-post","status-publish","format-standard","has-post-thumbnail","hentry","category-formacion","category-general","category-universidad-e-investigacion"],"_links":{"self":[{"href":"https:\/\/cobandalucia.org\/en\/wp-json\/wp\/v2\/posts\/3668","targetHints":{"allow":["GET"]}}],"collection":[{"href":"https:\/\/cobandalucia.org\/en\/wp-json\/wp\/v2\/posts"}],"about":[{"href":"https:\/\/cobandalucia.org\/en\/wp-json\/wp\/v2\/types\/post"}],"author":[{"embeddable":true,"href":"https:\/\/cobandalucia.org\/en\/wp-json\/wp\/v2\/users\/3"}],"replies":[{"embeddable":true,"href":"https:\/\/cobandalucia.org\/en\/wp-json\/wp\/v2\/comments?post=3668"}],"version-history":[{"count":1,"href":"https:\/\/cobandalucia.org\/en\/wp-json\/wp\/v2\/posts\/3668\/revisions"}],"predecessor-version":[{"id":3670,"href":"https:\/\/cobandalucia.org\/en\/wp-json\/wp\/v2\/posts\/3668\/revisions\/3670"}],"wp:featuredmedia":[{"embeddable":true,"href":"https:\/\/cobandalucia.org\/en\/wp-json\/wp\/v2\/media\/3669"}],"wp:attachment":[{"href":"https:\/\/cobandalucia.org\/en\/wp-json\/wp\/v2\/media?parent=3668"}],"wp:term":[{"taxonomy":"category","embeddable":true,"href":"https:\/\/cobandalucia.org\/en\/wp-json\/wp\/v2\/categories?post=3668"},{"taxonomy":"post_tag","embeddable":true,"href":"https:\/\/cobandalucia.org\/en\/wp-json\/wp\/v2\/tags?post=3668"}],"curies":[{"name":"wp","href":"https:\/\/api.w.org\/{rel}","templated":true}]}}