{"id":3762,"date":"2024-10-03T07:02:35","date_gmt":"2024-10-03T07:02:35","guid":{"rendered":"http:\/\/cobandalucia.org\/?p=3762"},"modified":"2024-10-07T07:04:19","modified_gmt":"2024-10-07T07:04:19","slug":"redaccion-y-ejecucion-de-proyectos-en-biologia-charlas-universidad-de-granada","status":"publish","type":"post","link":"https:\/\/cobandalucia.org\/en\/redaccion-y-ejecucion-de-proyectos-en-biologia-charlas-universidad-de-granada\/","title":{"rendered":"Redacci\u00f3n y Ejecuci\u00f3n de Proyectos en Biolog\u00eda &#8211; Charlas Universidad de Granada"},"content":{"rendered":"<p>El dia 3 de octubre, los profesores de la asignatura de \u00bb <strong>Redacci\u00f3n y Ejecuci\u00f3n de Proyectos en Biolog\u00eda , <\/strong>han invitado a participar al Colegio Oficial de Biologos de Andaluc\u00eda ( COBA)\u00a0\u00a0,con 2 charlas dirigidas\u00a0 a los alumnos de 4\u00ba\u00a0 del grado de Biologia., de la Facultad de Ciencias en la Universidad de Granada. Las charlas han estado enfocadas en la visualizaci\u00f3n de las salidas profesionales de la Biolog\u00eda, experiencias profesionales y una orientaci\u00f3n de cual es el papel del Colegio Oficial de Bi\u00f3logos de Andaluc\u00eda para los alumnos que salen de la universidad y comienzan su trayectoria profesional.<\/p>","protected":false},"excerpt":{"rendered":"<p>El dia 3 de octubre, los profesores de la asignatura  [&#8230;]<\/p>\n","protected":false},"author":3,"featured_media":3763,"comment_status":"open","ping_status":"open","sticky":false,"template":"","format":"standard","meta":{"iawp_total_views":9,"footnotes":""},"categories":[69,67,75],"tags":[],"class_list":["post-3762","post","type-post","status-publish","format-standard","has-post-thumbnail","hentry","category-formacion","category-general","category-universidad-e-investigacion"],"_links":{"self":[{"href":"https:\/\/cobandalucia.org\/en\/wp-json\/wp\/v2\/posts\/3762","targetHints":{"allow":["GET"]}}],"collection":[{"href":"https:\/\/cobandalucia.org\/en\/wp-json\/wp\/v2\/posts"}],"about":[{"href":"https:\/\/cobandalucia.org\/en\/wp-json\/wp\/v2\/types\/post"}],"author":[{"embeddable":true,"href":"https:\/\/cobandalucia.org\/en\/wp-json\/wp\/v2\/users\/3"}],"replies":[{"embeddable":true,"href":"https:\/\/cobandalucia.org\/en\/wp-json\/wp\/v2\/comments?post=3762"}],"version-history":[{"count":1,"href":"https:\/\/cobandalucia.org\/en\/wp-json\/wp\/v2\/posts\/3762\/revisions"}],"predecessor-version":[{"id":3766,"href":"https:\/\/cobandalucia.org\/en\/wp-json\/wp\/v2\/posts\/3762\/revisions\/3766"}],"wp:featuredmedia":[{"embeddable":true,"href":"https:\/\/cobandalucia.org\/en\/wp-json\/wp\/v2\/media\/3763"}],"wp:attachment":[{"href":"https:\/\/cobandalucia.org\/en\/wp-json\/wp\/v2\/media?parent=3762"}],"wp:term":[{"taxonomy":"category","embeddable":true,"href":"https:\/\/cobandalucia.org\/en\/wp-json\/wp\/v2\/categories?post=3762"},{"taxonomy":"post_tag","embeddable":true,"href":"https:\/\/cobandalucia.org\/en\/wp-json\/wp\/v2\/tags?post=3762"}],"curies":[{"name":"wp","href":"https:\/\/api.w.org\/{rel}","templated":true}]}}