{"id":3861,"date":"2024-10-18T11:03:02","date_gmt":"2024-10-18T11:03:02","guid":{"rendered":"https:\/\/cobandalucia.org\/?p=3861"},"modified":"2024-10-28T11:03:44","modified_gmt":"2024-10-28T11:03:44","slug":"iia-semana-de-la-biologia-en-la-universidad-de-malaga","status":"publish","type":"post","link":"https:\/\/cobandalucia.org\/en\/iia-semana-de-la-biologia-en-la-universidad-de-malaga\/","title":{"rendered":"II\u00aa Semana de la Biolog\u00eda en la Universidad de M\u00e1laga"},"content":{"rendered":"<p><strong><em>2\u00aa Semana de la Biolog\u00eda<\/em><\/strong>, organizada\u00a0 por el Colegio Oficial de Bi\u00f3logos de Andaluc\u00eda junto con la Facultad de Ciencias de M\u00e1laga y la colaboraci\u00f3n del grupo InfoCOBA de M\u00e1laga.<\/p>\n<p>Del 18 al 25 de Octubre podr\u00e1s disfrutar de todas las actividades que te podr\u00e1n interesar.<\/p>\n<p>&nbsp;<\/p>\n<p>M\u00e1s info:<\/p>\n<p><a href=\"https:\/\/cobandalucia.org\/wp-content\/uploads\/2024\/10\/Cartel-2a-Semana-Biologia-UMA.pdf\">Cartel 2\u00aa Semana Biolog\u00eda UMA<\/a><\/p>\n<p><a href=\"https:\/\/cobandalucia.org\/wp-content\/uploads\/2024\/10\/Y-cuando-me-gradue-\u00bfque_-2024.pdf\">Y cuando me gradu\u0301e, \u00bfque\u0301_ 2024<\/a><\/p>","protected":false},"excerpt":{"rendered":"<p>2\u00aa Semana de la Biolog\u00eda, organizada\u00a0 por el Colegio Oficial  [&#8230;]<\/p>\n","protected":false},"author":3,"featured_media":3864,"comment_status":"open","ping_status":"open","sticky":false,"template":"","format":"standard","meta":{"iawp_total_views":22,"footnotes":""},"categories":[69,67,75],"tags":[],"class_list":["post-3861","post","type-post","status-publish","format-standard","has-post-thumbnail","hentry","category-formacion","category-general","category-universidad-e-investigacion"],"_links":{"self":[{"href":"https:\/\/cobandalucia.org\/en\/wp-json\/wp\/v2\/posts\/3861","targetHints":{"allow":["GET"]}}],"collection":[{"href":"https:\/\/cobandalucia.org\/en\/wp-json\/wp\/v2\/posts"}],"about":[{"href":"https:\/\/cobandalucia.org\/en\/wp-json\/wp\/v2\/types\/post"}],"author":[{"embeddable":true,"href":"https:\/\/cobandalucia.org\/en\/wp-json\/wp\/v2\/users\/3"}],"replies":[{"embeddable":true,"href":"https:\/\/cobandalucia.org\/en\/wp-json\/wp\/v2\/comments?post=3861"}],"version-history":[{"count":1,"href":"https:\/\/cobandalucia.org\/en\/wp-json\/wp\/v2\/posts\/3861\/revisions"}],"predecessor-version":[{"id":3865,"href":"https:\/\/cobandalucia.org\/en\/wp-json\/wp\/v2\/posts\/3861\/revisions\/3865"}],"wp:featuredmedia":[{"embeddable":true,"href":"https:\/\/cobandalucia.org\/en\/wp-json\/wp\/v2\/media\/3864"}],"wp:attachment":[{"href":"https:\/\/cobandalucia.org\/en\/wp-json\/wp\/v2\/media?parent=3861"}],"wp:term":[{"taxonomy":"category","embeddable":true,"href":"https:\/\/cobandalucia.org\/en\/wp-json\/wp\/v2\/categories?post=3861"},{"taxonomy":"post_tag","embeddable":true,"href":"https:\/\/cobandalucia.org\/en\/wp-json\/wp\/v2\/tags?post=3861"}],"curies":[{"name":"wp","href":"https:\/\/api.w.org\/{rel}","templated":true}]}}