{"id":3879,"date":"2024-10-30T10:02:56","date_gmt":"2024-10-30T10:02:56","guid":{"rendered":"https:\/\/cobandalucia.org\/?p=3879"},"modified":"2024-10-30T12:30:14","modified_gmt":"2024-10-30T12:30:14","slug":"ana-crespo-la-primera-mujer-biologa-en-ser-presidenta-de-la-rac","status":"publish","type":"post","link":"https:\/\/cobandalucia.org\/en\/ana-crespo-la-primera-mujer-biologa-en-ser-presidenta-de-la-rac\/","title":{"rendered":"Ana Crespo, la primera mujer Bi\u00f3loga en ser presidenta de la RAC"},"content":{"rendered":"<p>La Real Academia de Ciencias Exactas, F\u00edsicas y Naturales de Espa\u00f1a ha elegido con un respaldo de un 80% de acad\u00e9micos,<\/p>\n<p>a la bi\u00f3loga <a href=\"https:\/\/www.ucm.es\/biologiavegetal_ii\/ana-crespo\" target=\"_blank\" rel=\"noopener\" data-link-track-dtm=\"\" data-mrf-link=\"https:\/\/www.ucm.es\/biologiavegetal_ii\/ana-crespo\">Ana Crespo<\/a> como presidenta.<\/p>\n<p>&nbsp;<\/p>\n<p>m\u00e1s info:<\/p>\n<p><a href=\"https:\/\/rac.es\/noticias\/301\/\" target=\"_blank\" rel=\"noopener\">RAC noticias<\/a><\/p>\n<p><a href=\"https:\/\/rac.es\/\" target=\"_blank\" rel=\"noopener\">https:\/\/rac.es\/<\/a><\/p>\n<p>&nbsp;<\/p>","protected":false},"excerpt":{"rendered":"<p>La Real Academia de Ciencias Exactas, F\u00edsicas y Naturales de  [&#8230;]<\/p>\n","protected":false},"author":3,"featured_media":0,"comment_status":"open","ping_status":"open","sticky":false,"template":"","format":"standard","meta":{"iawp_total_views":21,"footnotes":""},"categories":[67,75],"tags":[],"class_list":["post-3879","post","type-post","status-publish","format-standard","hentry","category-general","category-universidad-e-investigacion"],"_links":{"self":[{"href":"https:\/\/cobandalucia.org\/en\/wp-json\/wp\/v2\/posts\/3879","targetHints":{"allow":["GET"]}}],"collection":[{"href":"https:\/\/cobandalucia.org\/en\/wp-json\/wp\/v2\/posts"}],"about":[{"href":"https:\/\/cobandalucia.org\/en\/wp-json\/wp\/v2\/types\/post"}],"author":[{"embeddable":true,"href":"https:\/\/cobandalucia.org\/en\/wp-json\/wp\/v2\/users\/3"}],"replies":[{"embeddable":true,"href":"https:\/\/cobandalucia.org\/en\/wp-json\/wp\/v2\/comments?post=3879"}],"version-history":[{"count":4,"href":"https:\/\/cobandalucia.org\/en\/wp-json\/wp\/v2\/posts\/3879\/revisions"}],"predecessor-version":[{"id":3884,"href":"https:\/\/cobandalucia.org\/en\/wp-json\/wp\/v2\/posts\/3879\/revisions\/3884"}],"wp:attachment":[{"href":"https:\/\/cobandalucia.org\/en\/wp-json\/wp\/v2\/media?parent=3879"}],"wp:term":[{"taxonomy":"category","embeddable":true,"href":"https:\/\/cobandalucia.org\/en\/wp-json\/wp\/v2\/categories?post=3879"},{"taxonomy":"post_tag","embeddable":true,"href":"https:\/\/cobandalucia.org\/en\/wp-json\/wp\/v2\/tags?post=3879"}],"curies":[{"name":"wp","href":"https:\/\/api.w.org\/{rel}","templated":true}]}}