{"id":3910,"date":"2024-11-08T09:06:48","date_gmt":"2024-11-08T09:06:48","guid":{"rendered":"https:\/\/cobandalucia.org\/?p=3910"},"modified":"2024-11-08T09:32:17","modified_gmt":"2024-11-08T09:32:17","slug":"comunicado-del-consejo-general-de-colegios-oficiales-de-biologos-con-relacion-a-la-dana","status":"publish","type":"post","link":"https:\/\/cobandalucia.org\/en\/comunicado-del-consejo-general-de-colegios-oficiales-de-biologos-con-relacion-a-la-dana\/","title":{"rendered":"COMUNICADO DEL CONSEJO GENERAL DE COLEGIOS OFICIALES DE BI\u00d3LOGOS CON RELACI\u00d3N A LA DANA"},"content":{"rendered":"<p style=\"text-align: center;\"><img decoding=\"async\" class=\"lazyload alignnone size-full wp-image-3913\" src=\"data:image\/svg+xml,%3Csvg%20xmlns%3D%27http%3A%2F%2Fwww.w3.org%2F2000%2Fsvg%27%20width%3D%27300%27%20height%3D%2769%27%20viewBox%3D%270%200%20300%2069%27%3E%3Crect%20width%3D%27300%27%20height%3D%2769%27%20fill-opacity%3D%220%22%2F%3E%3C%2Fsvg%3E\" data-orig-src=\"https:\/\/cobandalucia.org\/wp-content\/uploads\/2024\/11\/logo_300_CGCOB-1.jpg\" alt=\"\" width=\"300\" height=\"69\" \/><\/p>\n<p style=\"text-align: center;\">Desde el Consejo General de Colegios Oficiales de Bi\u00f3logos se lamenta profundamente la p\u00e9rdida de vidas humanas y las consecuencias catastr\u00f3ficas que la Depresi\u00f3n Aislada en Niveles Altos (DANA) ha originado en determinados territorios de la Pen\u00ednsula Ib\u00e9rica y las Islas Baleares asociados a la influencia clim\u00e1tica del Mar Mediterr\u00e1neo.<\/p>\n<p style=\"text-align: center;\">Nos sumamos a las condolencias a los familiares y amigos de las v\u00edctimas y nos solidarizamos con las medidas y ayudas adoptadas desde las Administraciones, Asociaciones, Colectivos Profesionales y otras entidades p\u00fablicas y privadas.<\/p>\n<p style=\"text-align: center;\">Ya se han empezado a adoptar actuaciones de urgencia entre las que destaca el Real Decreto-Ley 6\/2024, de 5 de noviembre, de medidas urgentes de respuesta ante los da\u00f1os causados por la DANA: personales; en viviendas, bienes y enseres; en establecimientos, hogares, empresas y aut\u00f3nomos; fiscales y de seguridad social; y otras acordadas desde las Administraciones Auton\u00f3micas.<\/p>\n<p style=\"text-align: center;\">Es nuestra obligaci\u00f3n como colectivo profesional cient\u00edfico-t\u00e9cnico aportar soluciones que posibiliten paliar estas consecuencias funestas originadas y plantear criterios que ayuden a minimizar los efectos desfavorables sobre la poblaci\u00f3n de futuros eventos clim\u00e1ticos.<\/p>\n<p style=\"text-align: center;\">Se est\u00e1 propiciando una proliferaci\u00f3n de noticias que contribuye al caos informativo respecto a los or\u00edgenes del fen\u00f3meno meteorol\u00f3gico de la DANA y a su relaci\u00f3n con los efectos del denominado Cambio Clim\u00e1tico. Reconociendo que la nombrada como \u201cGota Fr\u00eda\u201d se ha venido produciendo en diversos momentos de la historia con da\u00f1os significativos, no es menos cierto que la energ\u00eda que se necesita para incrementar los efectos asociados a la DANA se ven acrecentados por los aumentos de temperatura del Mar Mediterr\u00e1neo, factores que provienen del calentamiento debido a la acumulaci\u00f3n de los Gases de Efecto Invernadero.<\/p>\n<p style=\"text-align: center;\">Con estas premisas que en \u00e1mbitos cient\u00edficos est\u00e1n asumidas, es preciso adoptar una visi\u00f3n profesional diferente de la adoptada hasta ahora, huyendo de posiciones extremas que provienen de actuaciones urban\u00edsticas del pasado que nos han llevado a la situaci\u00f3n actual de la edificaci\u00f3n como barrera construida en el frente mar\u00edtimo mediterr\u00e1neo, con la invasi\u00f3n del Dominio P\u00fablico Hidr\u00e1ulico y la proliferaci\u00f3n de infraestructuras transversales con baja o nula permeabilidad, drenajes, etc.<\/p>\n<p style=\"text-align: center;\">As\u00ed como otras desde \u00e1mbitos pol\u00edticos y de colectivos sociales que se apartan de los fundamentos b\u00e1sicos para afrontar estos fen\u00f3menos naturales.<\/p>\n<p style=\"text-align: center;\">El reciente episodio de la DANA ha superado todas las previsiones y modelos de riesgos de inundaci\u00f3n, incluso para per\u00edodos de retorno de m\u00e1ximas avenidas de 500 a\u00f1os; no obstante, existen disponibles cartograf\u00edas de zonas inundables que se tienen en cuenta a la hora de la planificaci\u00f3n territorial y urbana y en los procedimientos de evaluaci\u00f3n ambiental, siendo los organismos competentes los que obligan a la adopci\u00f3n de medidas correctoras para evitar o paliar los riesgos. Otra cuesti\u00f3n es la asignatura pendiente de la vigilancia y seguimiento ambiental que en muchos casos es nula o insuficiente, lo que hace que las medidas no sean, en muchas ocasiones, efectivas.<\/p>\n<p style=\"text-align: center;\">Debemos abordar el futuro con un enfoque diferenciado basado en las \u201cSoluciones Basadas en la Naturaleza\u201d y para ello tenemos normas de obligado cumplimiento para los pa\u00edses miembros que provienen, entre otras, del Reglamento de la Uni\u00f3n Europea 2024\/1991, de 24 de junio, relativo a la restauraci\u00f3n de la naturaleza y a su plasmaci\u00f3n en el Plan Nacional que est\u00e1 comenzando a elaborarse.<\/p>\n<p style=\"text-align: center;\">Entre estas soluciones, que ya se est\u00e1n aplicando en muchos pa\u00edses, se encuentran la restauraci\u00f3n de bosques en las cabeceras de las cuencas y de los bosques de ribera, que estabilizan los m\u00e1rgenes y reducen la velocidad de la corriente, la erosi\u00f3n y los aportes de sedimentos, la creaci\u00f3n y recuperaci\u00f3n de llanuras de inundaci\u00f3n para disipar la energ\u00eda y las avenidas, implementar una infraestructura verde m\u00e1s eficaz y extensiva, etc. En cuanto a los entornos urbanos e industriales, adem\u00e1s de una planificaci\u00f3n m\u00e1s sensata, se debe evitar o reducir en lo posible el sellado del suelo mediante Sistemas de Drenaje Urbano Sostenible (SUDS), instalaci\u00f3n de balsas de retenci\u00f3n, aumento de zonas verdes, entre otras.<\/p>\n<p style=\"text-align: center;\">Es momento para reflexionar y aprender de desastres como el acaecido con la DANA, que nos sirva para tomar caminos diferenciados para los que el colectivo de Bi\u00f3logos est\u00e1 preparado y ofrece toda su experiencia profesional.<\/p>\n<p>&nbsp;<\/p>\n<p style=\"text-align: center;\">En Madrid a 7 de noviembre de 2024<br \/>\nConsejo<\/p>","protected":false},"excerpt":{"rendered":"<p>Desde el Consejo General de Colegios Oficiales de Bi\u00f3logos se  [&#8230;]<\/p>\n","protected":false},"author":3,"featured_media":3918,"comment_status":"open","ping_status":"open","sticky":false,"template":"","format":"standard","meta":{"iawp_total_views":8,"footnotes":""},"categories":[67],"tags":[],"class_list":["post-3910","post","type-post","status-publish","format-standard","has-post-thumbnail","hentry","category-general"],"_links":{"self":[{"href":"https:\/\/cobandalucia.org\/en\/wp-json\/wp\/v2\/posts\/3910","targetHints":{"allow":["GET"]}}],"collection":[{"href":"https:\/\/cobandalucia.org\/en\/wp-json\/wp\/v2\/posts"}],"about":[{"href":"https:\/\/cobandalucia.org\/en\/wp-json\/wp\/v2\/types\/post"}],"author":[{"embeddable":true,"href":"https:\/\/cobandalucia.org\/en\/wp-json\/wp\/v2\/users\/3"}],"replies":[{"embeddable":true,"href":"https:\/\/cobandalucia.org\/en\/wp-json\/wp\/v2\/comments?post=3910"}],"version-history":[{"count":7,"href":"https:\/\/cobandalucia.org\/en\/wp-json\/wp\/v2\/posts\/3910\/revisions"}],"predecessor-version":[{"id":3920,"href":"https:\/\/cobandalucia.org\/en\/wp-json\/wp\/v2\/posts\/3910\/revisions\/3920"}],"wp:featuredmedia":[{"embeddable":true,"href":"https:\/\/cobandalucia.org\/en\/wp-json\/wp\/v2\/media\/3918"}],"wp:attachment":[{"href":"https:\/\/cobandalucia.org\/en\/wp-json\/wp\/v2\/media?parent=3910"}],"wp:term":[{"taxonomy":"category","embeddable":true,"href":"https:\/\/cobandalucia.org\/en\/wp-json\/wp\/v2\/categories?post=3910"},{"taxonomy":"post_tag","embeddable":true,"href":"https:\/\/cobandalucia.org\/en\/wp-json\/wp\/v2\/tags?post=3910"}],"curies":[{"name":"wp","href":"https:\/\/api.w.org\/{rel}","templated":true}]}}