{"id":4191,"date":"2025-03-05T10:23:13","date_gmt":"2025-03-05T10:23:13","guid":{"rendered":"https:\/\/cobandalucia.org\/?p=4191"},"modified":"2025-06-03T12:10:32","modified_gmt":"2025-06-03T12:10:32","slug":"reuniones-con-los-d-g-de-la-consejeria-de-sostenibilidad-y-medio-ambiente-de-la-junta-de-andalucia","status":"publish","type":"post","link":"https:\/\/cobandalucia.org\/en\/reuniones-con-los-d-g-de-la-consejeria-de-sostenibilidad-y-medio-ambiente-de-la-junta-de-andalucia\/","title":{"rendered":"\ud835\uddd8\ud835\udddf \ud835\uddd6\ud835\udde2\ud835\uddd5\ud835\uddd4 \ud835\uddd6\ud835\udde2\ud835\udde1 \ud835\udddf\ud835\uddd4 \ud835\uddd6\ud835\udde2\ud835\udde1\ud835\udde6\ud835\uddd8\ud835\udddd\ud835\uddd8\ud835\udde5\u00cd\ud835\uddd4 \ud835\uddd7\ud835\uddd8 \ud835\udde6\ud835\udde2\ud835\udde6\ud835\udde7\ud835\uddd8\ud835\udde1\ud835\udddc\ud835\uddd5\ud835\udddc\ud835\udddf\ud835\udddc\ud835\uddd7\ud835\uddd4\ud835\uddd7 \ud835\uddec \ud835\udde0\ud835\uddd8\ud835\uddd7\ud835\udddc\ud835\udde2 \ud835\uddd4\ud835\udde0\ud835\uddd5\ud835\udddc\ud835\uddd8\ud835\udde1\ud835\udde7\ud835\uddd8 \ud835\uddd7\ud835\uddd8 \ud835\udddf\ud835\uddd4 \ud835\udddd\ud835\udde8\ud835\udde1\ud835\udde7\ud835\uddd4 \ud835\uddd7\ud835\uddd8 \ud835\uddd4\ud835\udde1\ud835\uddd7\ud835\uddd4\ud835\udddf\ud835\udde8\ud835\uddd6\u00cd\ud835\uddd4"},"content":{"rendered":"<p>El Colegio Oficial de Bi\u00f3logos de Andaluc\u00eda (COBA) ha mantenido el martes d\u00eda 4 de marzo de 2025 reuniones con los Directores Generales de de Espacios Naturales Protegidos y de de Pol\u00edtica Forestal y Biodiversidad de la Consejer\u00eda de Sostenibilidad y Medio Ambiente de la Junta de Andaluc\u00eda, con la intenci\u00f3n de dar a conocer el COBA, interesarse por la oferta de empleo p\u00fablico del Cuerpo Superior Facultativo de Bi\u00f3logos de la Junta y ofrecer posibles v\u00edas de colaboraci\u00f3n con la Consejer\u00eda.<\/p>\n<p>En primer lugar se celebr\u00f3 la reuni\u00f3n con el Director General de Espacios Naturales Protegidos D-.Jos\u00e9 Enrique Borrallo Romero, durante la cual se trataron temas de inter\u00e9s general, como la necesaria conectividad ecol\u00f3gica entre los espacios Naturales Protegidos de la Red Andaluza y se ofreci\u00f3 la participaci\u00f3n del COBA en los Grupos de Trabajo y en los Consejos de Participaci\u00f3n. A la reuni\u00f3n asisti\u00f3 tambi\u00e9n la coordinadora de Espacios Naturales Protegidos D\u00f1a. Ana Warleta.<\/p>\n<p>En segundo lugar tuvo lugar la reuni\u00f3n con el Director de Pol\u00edtica Forestal y Biodiversidad, D. Juan Ram\u00f3n P\u00e9rez Valenzuela con el que se trataron temas de inter\u00e9s como nueva Ley de Montes, se analizaron las posibles l\u00edneas de colaboraci\u00f3n con la Direcci\u00f3n General y el COBA se ofreci\u00f3 a formar parte de los diferentes grupos de trabajo promovidos por la Direcci\u00f3n General.<\/p>\n<p>En ambas reuniones el COBA estuvo representado por nuestro Vicedecano Jorge Fari\u00f1a, la presidenta de la Comisi\u00f3n de Medioambiente del COBA Yolanda Cabezas y por el Gerente del COBA Francisco J. Sallago.<\/p>","protected":false},"excerpt":{"rendered":"<p>El Colegio Oficial de Bi\u00f3logos de Andaluc\u00eda (COBA) ha mantenido  [&#8230;]<\/p>\n","protected":false},"author":3,"featured_media":4192,"comment_status":"closed","ping_status":"open","sticky":false,"template":"","format":"standard","meta":{"iawp_total_views":39,"footnotes":""},"categories":[67,72],"tags":[],"class_list":["post-4191","post","type-post","status-publish","format-standard","has-post-thumbnail","hentry","category-general","category-medio-ambiente"],"_links":{"self":[{"href":"https:\/\/cobandalucia.org\/en\/wp-json\/wp\/v2\/posts\/4191","targetHints":{"allow":["GET"]}}],"collection":[{"href":"https:\/\/cobandalucia.org\/en\/wp-json\/wp\/v2\/posts"}],"about":[{"href":"https:\/\/cobandalucia.org\/en\/wp-json\/wp\/v2\/types\/post"}],"author":[{"embeddable":true,"href":"https:\/\/cobandalucia.org\/en\/wp-json\/wp\/v2\/users\/3"}],"replies":[{"embeddable":true,"href":"https:\/\/cobandalucia.org\/en\/wp-json\/wp\/v2\/comments?post=4191"}],"version-history":[{"count":3,"href":"https:\/\/cobandalucia.org\/en\/wp-json\/wp\/v2\/posts\/4191\/revisions"}],"predecessor-version":[{"id":4201,"href":"https:\/\/cobandalucia.org\/en\/wp-json\/wp\/v2\/posts\/4191\/revisions\/4201"}],"wp:featuredmedia":[{"embeddable":true,"href":"https:\/\/cobandalucia.org\/en\/wp-json\/wp\/v2\/media\/4192"}],"wp:attachment":[{"href":"https:\/\/cobandalucia.org\/en\/wp-json\/wp\/v2\/media?parent=4191"}],"wp:term":[{"taxonomy":"category","embeddable":true,"href":"https:\/\/cobandalucia.org\/en\/wp-json\/wp\/v2\/categories?post=4191"},{"taxonomy":"post_tag","embeddable":true,"href":"https:\/\/cobandalucia.org\/en\/wp-json\/wp\/v2\/tags?post=4191"}],"curies":[{"name":"wp","href":"https:\/\/api.w.org\/{rel}","templated":true}]}}