{"id":4242,"date":"2025-03-31T06:49:45","date_gmt":"2025-03-31T06:49:45","guid":{"rendered":"https:\/\/cobandalucia.org\/?p=4242"},"modified":"2025-06-03T12:10:31","modified_gmt":"2025-06-03T12:10:31","slug":"jornada-gestion-de-residuos-organicos-compost-y-te-de-compost","status":"publish","type":"post","link":"https:\/\/cobandalucia.org\/en\/jornada-gestion-de-residuos-organicos-compost-y-te-de-compost\/","title":{"rendered":"Jornada: \u201cGesti\u00f3n de residuos Org\u00e1nicos: Compost y te de compost\u201d"},"content":{"rendered":"<p>Se adjunta informaci\u00f3n de la <strong>Jornada<\/strong><strong>: <\/strong><strong>\u201cGesti\u00f3n de residuos Org\u00e1nicos: Compost y te de compost\u201d <\/strong>que se celebrar\u00e1 en el <strong>centro<\/strong> <strong>IFAPA La Mojonera <\/strong><strong>\u00a0el d\u00eda 3 de Abril de\u00a0 2025\u00a0 de 9 a 13h en el edificio de formaci\u00f3n, Aula In\u00e9s Moya<\/strong><\/p>\n<p>Esta jornada\u00a0 se har\u00e1 presencial y es necesario inscribirse, va dirigida a asesores t\u00e9cnicos, agricultores, profesionales agrarios y estudiantes de la rama agraria. Se adjunta cartel con el programa de dicha actividad.<\/p>\n<p>Los interesados en inscribirse\u00a0 <strong>solo pueden hacerlo a trav\u00e9s del portal de formaci\u00f3n y transferencia de IFAPA<\/strong>, para ello pueden :<\/p>\n<ol>\n<li>Entrar en la direcci\u00f3n web: <a href=\"https:\/\/www.juntadeandalucia.es\/agriculturaypesca\/ifapa\/recicland\/eventos\" target=\"_blank\" rel=\"noopener\">Eventos | RECICLAND (juntadeandalucia.es)<\/a> y seguir las instrucciones de inscripci\u00f3n que\u00a0 te llevaran al portal de formaci\u00f3n y transferencia de IFAPA.<\/li>\n<li>Entrar directamente en el portal de formaci\u00f3n y transferencia en este enlace: <a href=\"https:\/\/lajunta.es\/4kils\" target=\"_blank\" rel=\"noopener\">https:\/\/lajunta.es\/4kils<\/a>. Si no esta registrado, es necesario\u00a0 hacerlo la primera vez, guardando usuario y contrase\u00f1a, si ya esta registrado solo tiene que acceder con sus credenciales y solicitar la jornada correspondiente. Tendr\u00e1 que entrar en ella, rellenar sus\u00a0 datos y<strong> darle\u00a0 a enviar, debe llegar confirmaci\u00f3n a su correo de que ha quedado inscrito correctamente.<\/strong><\/li>\n<\/ol>\n<p><strong>Fecha l\u00edmite de inscripci\u00f3n:<\/strong> 2 de Abril.<\/p>\n<p>Para cualquier duda, pueden <strong>contactar <\/strong>con la coordinaci\u00f3n de la jornada, en horario de <strong>8:00 a 14:00 horas<\/strong>, a trav\u00e9s de tel\u00e9fono m\u00f3vil (<strong>WhatsApp<\/strong>)\u00a0 <strong>671594484.<\/strong><\/p>\n<ul>\n<li><a href=\"https:\/\/cobandalucia.org\/wp-content\/uploads\/2025\/03\/20250403Cartel-J_3.pdf\" target=\"_blank\" rel=\"noopener\">CARTEL<\/a><\/li>\n<\/ul>\n<p>&nbsp;<\/p>","protected":false},"excerpt":{"rendered":"<p>Se adjunta informaci\u00f3n de la Jornada: \u201cGesti\u00f3n de residuos Org\u00e1nicos:  [&#8230;]<\/p>\n","protected":false},"author":3,"featured_media":4244,"comment_status":"closed","ping_status":"open","sticky":false,"template":"","format":"standard","meta":{"iawp_total_views":18,"footnotes":""},"categories":[71,2,69,67,68,72],"tags":[],"class_list":["post-4242","post","type-post","status-publish","format-standard","has-post-thumbnail","hentry","category-agricultura-e-industria-alimentaria","category-animal","category-formacion","category-general","category-jornadas-y-asambleas","category-medio-ambiente"],"_links":{"self":[{"href":"https:\/\/cobandalucia.org\/en\/wp-json\/wp\/v2\/posts\/4242","targetHints":{"allow":["GET"]}}],"collection":[{"href":"https:\/\/cobandalucia.org\/en\/wp-json\/wp\/v2\/posts"}],"about":[{"href":"https:\/\/cobandalucia.org\/en\/wp-json\/wp\/v2\/types\/post"}],"author":[{"embeddable":true,"href":"https:\/\/cobandalucia.org\/en\/wp-json\/wp\/v2\/users\/3"}],"replies":[{"embeddable":true,"href":"https:\/\/cobandalucia.org\/en\/wp-json\/wp\/v2\/comments?post=4242"}],"version-history":[{"count":1,"href":"https:\/\/cobandalucia.org\/en\/wp-json\/wp\/v2\/posts\/4242\/revisions"}],"predecessor-version":[{"id":4245,"href":"https:\/\/cobandalucia.org\/en\/wp-json\/wp\/v2\/posts\/4242\/revisions\/4245"}],"wp:featuredmedia":[{"embeddable":true,"href":"https:\/\/cobandalucia.org\/en\/wp-json\/wp\/v2\/media\/4244"}],"wp:attachment":[{"href":"https:\/\/cobandalucia.org\/en\/wp-json\/wp\/v2\/media?parent=4242"}],"wp:term":[{"taxonomy":"category","embeddable":true,"href":"https:\/\/cobandalucia.org\/en\/wp-json\/wp\/v2\/categories?post=4242"},{"taxonomy":"post_tag","embeddable":true,"href":"https:\/\/cobandalucia.org\/en\/wp-json\/wp\/v2\/tags?post=4242"}],"curies":[{"name":"wp","href":"https:\/\/api.w.org\/{rel}","templated":true}]}}