{"id":4333,"date":"2025-06-04T06:37:04","date_gmt":"2025-06-04T06:37:04","guid":{"rendered":"https:\/\/cobandalucia.org\/?p=4333"},"modified":"2025-07-29T06:41:43","modified_gmt":"2025-07-29T06:41:43","slug":"dia-del-medio-ambiente","status":"publish","type":"post","link":"https:\/\/cobandalucia.org\/en\/dia-del-medio-ambiente\/","title":{"rendered":"D\u00eda del Medio Ambiente"},"content":{"rendered":"<p>Queremos aprovechar el d\u00eda mundial del medio ambiente para poner de relieve que su gesti\u00f3n debe estar en manos de profesionales especializados, por eso los bi\u00f3log@s hemos dado un paso al frente y hemos regularizado la profesi\u00f3n del bi\u00f3log@ ambiental.<\/p>\n<p>Los profesionales de la biolog\u00eda tenemos una visi\u00f3n sist\u00e9mica, integrada y hol\u00edstica del medio ambiente. Tenemos una visi\u00f3n sist\u00e9mica de la realidad, podemos analizar los problemas desde todos los puntos de vista posibles, generando soluciones creativas, innovadoras, integradas, que repercuten positivamente en la poblaci\u00f3n, el medio natural y la econom\u00eda, con la perspectiva \u00fanica posible del One Health, (salud humana, salud ambiental y salud animal).\u00bb<\/p>\n<p>&nbsp;<\/p>\n<p>Se adjunta <strong>Comunicado<\/strong>: <a href=\"https:\/\/cobandalucia.org\/wp-content\/uploads\/2025\/06\/RS-63-25-CG-2025-06-03-DIA-DEL-MEDIO-AMBIENTE-05-06-2025.pdf\" target=\"_blank\" rel=\"noopener\">PINCHA AQUI<\/a><\/p>","protected":false},"excerpt":{"rendered":"<p>Queremos aprovechar el d\u00eda mundial del medio ambiente para poner  [&#8230;]<\/p>\n","protected":false},"author":3,"featured_media":3449,"comment_status":"closed","ping_status":"closed","sticky":false,"template":"","format":"standard","meta":{"iawp_total_views":10,"footnotes":""},"categories":[71,2,72,73,1,75],"tags":[],"class_list":["post-4333","post","type-post","status-publish","format-standard","has-post-thumbnail","hentry","category-agricultura-e-industria-alimentaria","category-animal","category-medio-ambiente","category-medio-marino","category-sin-categoria","category-universidad-e-investigacion"],"_links":{"self":[{"href":"https:\/\/cobandalucia.org\/en\/wp-json\/wp\/v2\/posts\/4333","targetHints":{"allow":["GET"]}}],"collection":[{"href":"https:\/\/cobandalucia.org\/en\/wp-json\/wp\/v2\/posts"}],"about":[{"href":"https:\/\/cobandalucia.org\/en\/wp-json\/wp\/v2\/types\/post"}],"author":[{"embeddable":true,"href":"https:\/\/cobandalucia.org\/en\/wp-json\/wp\/v2\/users\/3"}],"replies":[{"embeddable":true,"href":"https:\/\/cobandalucia.org\/en\/wp-json\/wp\/v2\/comments?post=4333"}],"version-history":[{"count":1,"href":"https:\/\/cobandalucia.org\/en\/wp-json\/wp\/v2\/posts\/4333\/revisions"}],"predecessor-version":[{"id":4335,"href":"https:\/\/cobandalucia.org\/en\/wp-json\/wp\/v2\/posts\/4333\/revisions\/4335"}],"wp:featuredmedia":[{"embeddable":true,"href":"https:\/\/cobandalucia.org\/en\/wp-json\/wp\/v2\/media\/3449"}],"wp:attachment":[{"href":"https:\/\/cobandalucia.org\/en\/wp-json\/wp\/v2\/media?parent=4333"}],"wp:term":[{"taxonomy":"category","embeddable":true,"href":"https:\/\/cobandalucia.org\/en\/wp-json\/wp\/v2\/categories?post=4333"},{"taxonomy":"post_tag","embeddable":true,"href":"https:\/\/cobandalucia.org\/en\/wp-json\/wp\/v2\/tags?post=4333"}],"curies":[{"name":"wp","href":"https:\/\/api.w.org\/{rel}","templated":true}]}}