{"id":4348,"date":"2025-06-13T06:55:27","date_gmt":"2025-06-13T06:55:27","guid":{"rendered":"https:\/\/cobandalucia.org\/?p=4348"},"modified":"2025-07-28T08:03:49","modified_gmt":"2025-07-28T08:03:49","slug":"becas-de-formacion-para-impulsar-la-accion-climatica-juvenil-en-la-cumbre-del-clima-generacion-clima-cop30","status":"publish","type":"post","link":"https:\/\/cobandalucia.org\/en\/becas-de-formacion-para-impulsar-la-accion-climatica-juvenil-en-la-cumbre-del-clima-generacion-clima-cop30\/","title":{"rendered":"Becas de formaci\u00f3n para impulsar la acci\u00f3n clim\u00e1tica juvenil en la Cumbre del Clima \u2013 Generaci\u00f3n Clima COP30"},"content":{"rendered":"<h3 style=\"text-align: center;\">Becas de formaci\u00f3n para impulsar la acci\u00f3n clim\u00e1tica juvenil en<\/h3>\n<h3 style=\"text-align: center;\">la Cumbre del Clima \u2013 Generaci\u00f3n Clima COP30<\/h3>\n<p><strong>Becas de formaci\u00f3n para impulsar la acci\u00f3n clim\u00e1tica juvenil en las Conferencia de las Partes de la Convenci\u00f3n Marco de las Naciones Unidas sobre el Cambio Clim\u00e1tico.\u00a0<\/strong><\/p>\n<p>m\u00e1s info: <a href=\"https:\/\/fundacion-biodiversidad.es\/becas-de-formacion-para-impulsar-la-accion-climatica-juvenil-en-las-conferencia-de-las-partes-de-la-convencion-marco-de-las-naciones-unidas-sobre-el-cambio-climatico\/?fbclid=IwY2xjawK4DR5leHRuA2FlbQIxMQABHgkFWHZLODdQx7_iVUJHQ2CRCkA8KCj514RLZD8s5aUkAfIjGw7wWmALyxhw_aem_1mk4SsKYH3ASJQ4d_p6XIg&amp;sfnsn=scwspmo\" target=\"_blank\" rel=\"noopener\">Fundaci\u00f3n Biodiversidad<\/a><\/p>","protected":false},"excerpt":{"rendered":"<p>Becas de formaci\u00f3n para impulsar la acci\u00f3n clim\u00e1tica juvenil en  [&#8230;]<\/p>\n","protected":false},"author":3,"featured_media":4349,"comment_status":"closed","ping_status":"closed","sticky":false,"template":"","format":"standard","meta":{"iawp_total_views":35,"footnotes":""},"categories":[71,2,69,72,73,70,75],"tags":[],"class_list":["post-4348","post","type-post","status-publish","format-standard","has-post-thumbnail","hentry","category-agricultura-e-industria-alimentaria","category-animal","category-formacion","category-medio-ambiente","category-medio-marino","category-sanidad","category-universidad-e-investigacion"],"_links":{"self":[{"href":"https:\/\/cobandalucia.org\/en\/wp-json\/wp\/v2\/posts\/4348","targetHints":{"allow":["GET"]}}],"collection":[{"href":"https:\/\/cobandalucia.org\/en\/wp-json\/wp\/v2\/posts"}],"about":[{"href":"https:\/\/cobandalucia.org\/en\/wp-json\/wp\/v2\/types\/post"}],"author":[{"embeddable":true,"href":"https:\/\/cobandalucia.org\/en\/wp-json\/wp\/v2\/users\/3"}],"replies":[{"embeddable":true,"href":"https:\/\/cobandalucia.org\/en\/wp-json\/wp\/v2\/comments?post=4348"}],"version-history":[{"count":2,"href":"https:\/\/cobandalucia.org\/en\/wp-json\/wp\/v2\/posts\/4348\/revisions"}],"predecessor-version":[{"id":4351,"href":"https:\/\/cobandalucia.org\/en\/wp-json\/wp\/v2\/posts\/4348\/revisions\/4351"}],"wp:featuredmedia":[{"embeddable":true,"href":"https:\/\/cobandalucia.org\/en\/wp-json\/wp\/v2\/media\/4349"}],"wp:attachment":[{"href":"https:\/\/cobandalucia.org\/en\/wp-json\/wp\/v2\/media?parent=4348"}],"wp:term":[{"taxonomy":"category","embeddable":true,"href":"https:\/\/cobandalucia.org\/en\/wp-json\/wp\/v2\/categories?post=4348"},{"taxonomy":"post_tag","embeddable":true,"href":"https:\/\/cobandalucia.org\/en\/wp-json\/wp\/v2\/tags?post=4348"}],"curies":[{"name":"wp","href":"https:\/\/api.w.org\/{rel}","templated":true}]}}