{"id":4392,"date":"2025-07-21T12:41:21","date_gmt":"2025-07-21T12:41:21","guid":{"rendered":"https:\/\/cobandalucia.org\/?p=4392"},"modified":"2025-07-21T12:41:21","modified_gmt":"2025-07-21T12:41:21","slug":"dia-mundial-de-las-ballenas-y-delfines","status":"publish","type":"post","link":"https:\/\/cobandalucia.org\/en\/dia-mundial-de-las-ballenas-y-delfines\/","title":{"rendered":"D\u00eda Mundial de las Ballenas y Delfines"},"content":{"rendered":"<p style=\"text-align: center;\"><strong>D\u00eda Mundial de las Ballenas y Delfines &#8211; 24 de julio de 2025<\/strong><\/p>\n<p>&nbsp;<\/p>\n<p style=\"text-align: center;\">Jornada que se celebrar\u00e1 en el Centro Oceanogr\u00e1fico de M\u00e1laga por el motivo del d\u00eda de las ballenas.<\/p>\n<p style=\"text-align: center;\">A dicha jornada ir\u00e1n varios referentes en el estudio y conservaci\u00f3n de estos animales, sobre todo en el Estrecho de Gibraltar<\/p>\n<p style=\"text-align: center;\">Dale al enlace para mas info:<\/p>\n<p class=\"xmsonormal\" style=\"text-align: center;\"><a href=\"https:\/\/docs.google.com\/forms\/d\/e\/1FAIpQLScSchIAONoPWQydDa9aDZ0Mir_I1IoN4pZC3ZSyOInoNlW0Dg\/viewform?fbclid=PAQ0xDSwLcwdNleHRuA2FlbQIxMQABp_mlCT0-Ua8QfAl32MUUL5eM8HHFqi7H3APbRifMNIQ6zqFHIwIWB7QTgnBS_aem_HB9R_KnHlEjbgBz_7oRADA\" target=\"_blank\" rel=\"noopener\">https:\/\/docs.google.com\/forms\/d\/e\/1FAIpQLScSchIAONoPWQydDa9aDZ0Mir_I1IoN4pZC3ZSyOInoNlW0Dg\/viewform?fbclid=PAQ0xDSwLcwdNleHRuA2FlbQIxMQABp_mlCT0-Ua8QfAl32MUUL5eM8HHFqi7H3APbRifMNIQ6zqFHIwIWB7QTgnBS_aem_HB9R_KnHlEjbgBz_7oRADA<\/a><\/p>\n<p class=\"xmsonormal\" style=\"text-align: center;\">","protected":false},"excerpt":{"rendered":"<p>D\u00eda Mundial de las Ballenas y Delfines &#8211; 24 de  [&#8230;]<\/p>\n","protected":false},"author":3,"featured_media":4393,"comment_status":"closed","ping_status":"closed","sticky":false,"template":"","format":"standard","meta":{"iawp_total_views":19,"footnotes":""},"categories":[2,68,73,75],"tags":[],"class_list":["post-4392","post","type-post","status-publish","format-standard","has-post-thumbnail","hentry","category-animal","category-jornadas-y-asambleas","category-medio-marino","category-universidad-e-investigacion"],"_links":{"self":[{"href":"https:\/\/cobandalucia.org\/en\/wp-json\/wp\/v2\/posts\/4392","targetHints":{"allow":["GET"]}}],"collection":[{"href":"https:\/\/cobandalucia.org\/en\/wp-json\/wp\/v2\/posts"}],"about":[{"href":"https:\/\/cobandalucia.org\/en\/wp-json\/wp\/v2\/types\/post"}],"author":[{"embeddable":true,"href":"https:\/\/cobandalucia.org\/en\/wp-json\/wp\/v2\/users\/3"}],"replies":[{"embeddable":true,"href":"https:\/\/cobandalucia.org\/en\/wp-json\/wp\/v2\/comments?post=4392"}],"version-history":[{"count":1,"href":"https:\/\/cobandalucia.org\/en\/wp-json\/wp\/v2\/posts\/4392\/revisions"}],"predecessor-version":[{"id":4394,"href":"https:\/\/cobandalucia.org\/en\/wp-json\/wp\/v2\/posts\/4392\/revisions\/4394"}],"wp:featuredmedia":[{"embeddable":true,"href":"https:\/\/cobandalucia.org\/en\/wp-json\/wp\/v2\/media\/4393"}],"wp:attachment":[{"href":"https:\/\/cobandalucia.org\/en\/wp-json\/wp\/v2\/media?parent=4392"}],"wp:term":[{"taxonomy":"category","embeddable":true,"href":"https:\/\/cobandalucia.org\/en\/wp-json\/wp\/v2\/categories?post=4392"},{"taxonomy":"post_tag","embeddable":true,"href":"https:\/\/cobandalucia.org\/en\/wp-json\/wp\/v2\/tags?post=4392"}],"curies":[{"name":"wp","href":"https:\/\/api.w.org\/{rel}","templated":true}]}}