{"id":4416,"date":"2025-08-25T06:25:05","date_gmt":"2025-08-25T06:25:05","guid":{"rendered":"https:\/\/cobandalucia.org\/?p=4416"},"modified":"2025-08-25T09:34:14","modified_gmt":"2025-08-25T09:34:14","slug":"bir-2025-26","status":"publish","type":"post","link":"https:\/\/cobandalucia.org\/en\/bir-2025-26\/","title":{"rendered":"BIR 2025-26"},"content":{"rendered":"<p><strong>Convocatoria BIR 2025-26<\/strong><\/p>\n<p><strong>MINISTERIO DE SANIDAD<\/strong><\/p>\n<p>Orden SND\/928\/2025, de 14 de agosto, por la que se aprueba la oferta de plazas y la convocatoria de pruebas selectivas 2025 para el acceso en el a\u00f1o 2026 a plazas de formaci\u00f3n sanitaria especializada para las titulaciones universitarias de grado\/licenciatura\/diplomatura de Medicina, Farmacia, Enfermer\u00eda y del \u00e1mbito de la Psicolog\u00eda, la Qu\u00edmica, la Biolog\u00eda y la F\u00edsica.<\/p>\n<p><strong>\u00c1mbito de la Biolog\u00eda<\/strong>: <strong>83 plazas<\/strong> de las especialidades citadas en el apartado 5 del anexo I del Real Decreto 183\/2008, de 8 de febrero, conforme sigue:<\/p>\n<p>a)\u200380 plazas de titularidad p\u00fablica y 3 pertenecientes a centros de titularidad privada, distribuidas por comunidades aut\u00f3nomas en los centros y unidades docentes que se indican en el anexo I.<\/p>\n<p>b)\u20038 plazas podr\u00e1n ser cubiertas en esta convocatoria por el turno de personas con discapacidad, de conformidad con lo dispuesto en el art\u00edculo 22.3 de la Ley 44\/2003, de 21 de noviembre<\/p>\n<p><strong>Requisitos de admisi\u00f3n a las pruebas<\/strong><\/p>\n<p>Plazas del \u00e1mbito de la Biolog\u00eda: \u00a0T\u00edtulos oficiales de Grado\/Licenciado\/a del \u00e1mbito de la Biolog\u00eda o la Bioqu\u00edmica<\/p>\n<p><strong>Presentaci\u00f3n de la solicitud.<\/strong><\/p>\n<p>El plazo para la presentaci\u00f3n de solicitudes es de <strong>diez d\u00edas h\u00e1biles<\/strong>, desde el d\u00eda <strong>1 de septiembre hasta el d\u00eda 12 de septiembre de 2025<\/strong>, ambos inclusive.<\/p>\n<p><strong>Tasa de examen<\/strong>.<\/p>\n<p>La tasa de derechos de examen ser\u00e1 de 31,10 euros.<\/p>\n<p><strong>Celebraci\u00f3n del ejercicio<\/strong>.<\/p>\n<p>La celebraci\u00f3n del ejercicio tendr\u00e1 lugar el d\u00eda 24 de enero de 2026,<\/p>\n<p><strong>Cuadro resumen de las plazas ofertadas en Andaluc\u00eda<\/strong><\/p>\n<table style=\"height: 229px;\" width=\"411\">\n<tbody>\n<tr>\n<td width=\"135\"><strong>Especialidad<\/strong><\/td>\n<td width=\"135\"><strong>\u00c1mbito de la Biolog\u00eda<\/strong><\/td>\n<\/tr>\n<tr>\n<td width=\"135\">An\u00e1lisis cl\u00ednicos<\/td>\n<td width=\"135\">3<\/td>\n<\/tr>\n<tr>\n<td width=\"135\">Bioqu\u00edmica cl\u00ednica.<\/td>\n<td width=\"135\">4<\/td>\n<\/tr>\n<tr>\n<td width=\"135\">Inmunolog\u00eda<\/td>\n<td width=\"135\">3<\/td>\n<\/tr>\n<tr>\n<td width=\"135\">Microbiolog\u00eda y parasitolog\u00eda<\/td>\n<td width=\"135\">1<\/td>\n<\/tr>\n<tr>\n<td width=\"135\"><strong>Totales<\/strong><\/td>\n<td width=\"135\"><strong>11<\/strong><\/td>\n<\/tr>\n<\/tbody>\n<\/table>\n<p>(BOE n\u00ba 201, de 21\/VIII\/25) <a href=\"https:\/\/boe.es\/boe\/dias\/2025\/08\/21\/pdfs\/BOE-A-2025-17059.pdf\" target=\"_blank\" rel=\"noopener\">https:\/\/boe.es\/boe\/dias\/2025\/08\/21\/pdfs\/BOE-A-2025-17059.pdf<\/a><\/p>\n<p>&nbsp;<\/p>\n<p><img class=\"lazyload\" decoding=\"async\" src=\"data:image\/svg+xml,%3Csvg%20xmlns%3D%27http%3A%2F%2Fwww.w3.org%2F2000%2Fsvg%27%20width%3D%271230%27%20height%3D%27752%27%20viewBox%3D%270%200%201230%20752%27%3E%3Crect%20width%3D%271230%27%20height%3D%27752%27%20fill-opacity%3D%220%22%2F%3E%3C%2Fsvg%3E\" data-orig-src=\"https:\/\/cobandalucia.org\/wp-content\/uploads\/2025\/08\/BIR-25-26-BOE-01.jpg\" \/><\/p>\n<p>&nbsp;<\/p>\n<p><img class=\"lazyload\" decoding=\"async\" src=\"data:image\/svg+xml,%3Csvg%20xmlns%3D%27http%3A%2F%2Fwww.w3.org%2F2000%2Fsvg%27%20width%3D%271218%27%20height%3D%27765%27%20viewBox%3D%270%200%201218%20765%27%3E%3Crect%20width%3D%271218%27%20height%3D%27765%27%20fill-opacity%3D%220%22%2F%3E%3C%2Fsvg%3E\" data-orig-src=\"https:\/\/cobandalucia.org\/wp-content\/uploads\/2025\/08\/BIR-25-26-BOE-02.jpg\" \/><\/p>\n<p><img class=\"lazyload\" decoding=\"async\" src=\"data:image\/svg+xml,%3Csvg%20xmlns%3D%27http%3A%2F%2Fwww.w3.org%2F2000%2Fsvg%27%20width%3D%271216%27%20height%3D%27597%27%20viewBox%3D%270%200%201216%20597%27%3E%3Crect%20width%3D%271216%27%20height%3D%27597%27%20fill-opacity%3D%220%22%2F%3E%3C%2Fsvg%3E\" data-orig-src=\"https:\/\/cobandalucia.org\/wp-content\/uploads\/2025\/08\/BIR-25-26-BOE-03.jpg\" \/><\/p>\n<p><img class=\"lazyload\" decoding=\"async\" src=\"data:image\/svg+xml,%3Csvg%20xmlns%3D%27http%3A%2F%2Fwww.w3.org%2F2000%2Fsvg%27%20width%3D%27933%27%20height%3D%27810%27%20viewBox%3D%270%200%20933%20810%27%3E%3Crect%20width%3D%27933%27%20height%3D%27810%27%20fill-opacity%3D%220%22%2F%3E%3C%2Fsvg%3E\" data-orig-src=\"https:\/\/cobandalucia.org\/wp-content\/uploads\/2025\/08\/BIR-25-26-BOE-04.jpg\" \/><\/p>\n<p><img class=\"lazyload\" decoding=\"async\" src=\"data:image\/svg+xml,%3Csvg%20xmlns%3D%27http%3A%2F%2Fwww.w3.org%2F2000%2Fsvg%27%20width%3D%27652%27%20height%3D%27597%27%20viewBox%3D%270%200%20652%20597%27%3E%3Crect%20width%3D%27652%27%20height%3D%27597%27%20fill-opacity%3D%220%22%2F%3E%3C%2Fsvg%3E\" data-orig-src=\"https:\/\/cobandalucia.org\/wp-content\/uploads\/2025\/08\/BIR-25-26-BOE-05.jpg\" \/><\/p>\n<p>&nbsp;<\/p>\n<p>&nbsp;<\/p>\n<p>* Unidades Docentes: plazas acreditadas y elegibles por titulaci\u00f3n y especialidad &#8211; ANDALUC\u00cdA<\/p>\n<p><a href=\"https:\/\/cobandalucia.org\/wp-content\/uploads\/2025\/08\/BIR-25-26-BOE-07-POR-PROVINCIAS.pdf\" target=\"_blank\" rel=\"noopener\">https:\/\/cobandalucia.org\/wp-content\/uploads\/2025\/08\/BIR-25-26-BOE-07-POR-PROVINCIAS.pdf<\/a><\/p>\n<p>&nbsp;<\/p>","protected":false},"excerpt":{"rendered":"<p>Convocatoria BIR 2025-26 MINISTERIO DE SANIDAD Orden SND\/928\/2025, de 14  [&#8230;]<\/p>\n","protected":false},"author":3,"featured_media":4167,"comment_status":"closed","ping_status":"closed","sticky":false,"template":"","format":"standard","meta":{"iawp_total_views":1074,"footnotes":""},"categories":[74,69,70],"tags":[],"class_list":["post-4416","post","type-post","status-publish","format-standard","has-post-thumbnail","hentry","category-biotecnologia","category-formacion","category-sanidad"],"_links":{"self":[{"href":"https:\/\/cobandalucia.org\/en\/wp-json\/wp\/v2\/posts\/4416","targetHints":{"allow":["GET"]}}],"collection":[{"href":"https:\/\/cobandalucia.org\/en\/wp-json\/wp\/v2\/posts"}],"about":[{"href":"https:\/\/cobandalucia.org\/en\/wp-json\/wp\/v2\/types\/post"}],"author":[{"embeddable":true,"href":"https:\/\/cobandalucia.org\/en\/wp-json\/wp\/v2\/users\/3"}],"replies":[{"embeddable":true,"href":"https:\/\/cobandalucia.org\/en\/wp-json\/wp\/v2\/comments?post=4416"}],"version-history":[{"count":5,"href":"https:\/\/cobandalucia.org\/en\/wp-json\/wp\/v2\/posts\/4416\/revisions"}],"predecessor-version":[{"id":4428,"href":"https:\/\/cobandalucia.org\/en\/wp-json\/wp\/v2\/posts\/4416\/revisions\/4428"}],"wp:featuredmedia":[{"embeddable":true,"href":"https:\/\/cobandalucia.org\/en\/wp-json\/wp\/v2\/media\/4167"}],"wp:attachment":[{"href":"https:\/\/cobandalucia.org\/en\/wp-json\/wp\/v2\/media?parent=4416"}],"wp:term":[{"taxonomy":"category","embeddable":true,"href":"https:\/\/cobandalucia.org\/en\/wp-json\/wp\/v2\/categories?post=4416"},{"taxonomy":"post_tag","embeddable":true,"href":"https:\/\/cobandalucia.org\/en\/wp-json\/wp\/v2\/tags?post=4416"}],"curies":[{"name":"wp","href":"https:\/\/api.w.org\/{rel}","templated":true}]}}