{"id":4443,"date":"2025-09-09T06:52:42","date_gmt":"2025-09-09T06:52:42","guid":{"rendered":"https:\/\/cobandalucia.org\/?p=4443"},"modified":"2025-09-09T06:52:42","modified_gmt":"2025-09-09T06:52:42","slug":"nuevos-cursos-especializados-titulacion-aenor","status":"publish","type":"post","link":"https:\/\/cobandalucia.org\/en\/nuevos-cursos-especializados-titulacion-aenor\/","title":{"rendered":"Nuevos cursos Especializados &#8211; TITULACION AENOR"},"content":{"rendered":"<p style=\"text-align: center;\"><strong>Nuevos cursos especializados del COBCAN + AENOR<\/strong><\/p>\n<p style=\"text-align: center;\"><strong>Inscripci\u00f3n abierta<\/strong><\/p>\n<p>&nbsp;<\/p>\n<p><img decoding=\"async\" class=\"lazyload aligncenter\" src=\"data:image\/svg+xml,%3Csvg%20xmlns%3D%27http%3A%2F%2Fwww.w3.org%2F2000%2Fsvg%27%20width%3D%27921%27%20height%3D%27921%27%20viewBox%3D%270%200%20921%20921%27%3E%3Crect%20width%3D%27921%27%20height%3D%27921%27%20fill-opacity%3D%220%22%2F%3E%3C%2Fsvg%3E\" data-orig-src=\"https:\/\/cobandalucia.org\/wp-content\/uploads\/2025\/09\/cobcan.png\" width=\"921\" height=\"921\" \/><\/p>\n<table width=\"100%\">\n<tbody>\n<tr>\n<td>&nbsp;<\/p>\n<p>El <strong>COBCAN Colegio Oficial de Bi\u00f3logos de Canarias<\/strong>, en colaboraci\u00f3n con <strong>AENOR Conocimiento, S.L.U.<\/strong>, organiza un programa de <strong>formaci\u00f3n especializada<\/strong> para el curso 2025\/2026 en \u00e1reas clave como <strong>sistemas de gesti\u00f3n normalizados (ISO), seguridad alimentaria, calidad, medio ambiente, sostenibilidad, seguridad y salud en el trabajo, legislaci\u00f3n y laboratorios de ensayo y calibraci\u00f3n<\/strong>.<\/p>\n<p>&nbsp;<\/p>\n<p>\ud83d\udc49 <strong>Modalidad:<\/strong><\/p>\n<p>&nbsp;<\/p>\n<p><strong>Presencial<\/strong>: San Crist\u00f3bal de La Laguna (Tenerife).<\/p>\n<p><strong>Presencial<\/strong>: Las Palmas de Gran Canaria (Gran Canaria).<\/p>\n<p><strong>Live Training<\/strong>: en directo por videoconferencia (participaci\u00f3n remota con interacci\u00f3n en tiempo real).<\/p>\n<p>&nbsp;<\/p>\n<p>\ud83d\udd52\u00a0<strong>Horario:<\/strong><\/p>\n<p>&nbsp;<\/p>\n<p>La impartici\u00f3n de todos los cursos ser\u00e1 en horario de Lunes a Jueves de <strong>15:30 a 20:30 horas<\/strong>\u00a0(hora canaria).<\/p>\n<p>&nbsp;<\/p>\n<p>\ud83d\udcda <strong>Calendario de cursos destacados<\/strong>:<\/p>\n<p>&nbsp;<\/p>\n<p><u>Sistemas de gesti\u00f3n de las normas:<\/u><\/p>\n<ul>\n<li><strong>ISO 9001<\/strong> \u2013 Gesti\u00f3n de la calidad \u2013 Inicio 15\/10\/25 &#8211; Fin 29\/10\/25 (40 horas).<\/li>\n<li><strong>ISO 22000<\/strong> \u2013 Seguridad alimentaria \u2013 Inicio 30\/10\/25 &#8211; Fin 12\/11\/25 (40 horas).<\/li>\n<li><strong>ISO 14001<\/strong>\u00a0\u2013 Gesti\u00f3n ambiental\u00a0\u2013\u00a0Inicio 13\/11\/25 &#8211; Fin 26\/11\/25 (40 horas).<\/li>\n<li><strong>ISO 45001<\/strong> \u2013 Seguridad y salud en el trabajo \u2013 Inicio 03\/12\/25 &#8211; Fin 17\/12\/25 (40 horas).<\/li>\n<li><strong>ISO 27001<\/strong>\u00a0\u2013 Seguridad de la informaci\u00f3n\u00a0\u2013\u00a0Inicio 28\/01\/26 &#8211; Fin 11\/02\/26 (40 horas).<\/li>\n<li><strong>ISO\/IEC 17025<\/strong>\u00a0\u2013 Requisitos para laboratorios de ensayo y calibraci\u00f3n\u00a0\u2013\u00a0Inicio 19\/01\/26 &#8211; Fin 29\/01\/26 (40 horas).<\/li>\n<\/ul>\n<p><u>Sistemas para Laboratorios y microbiolog\u00eda para la industria alimentaria:<\/u><\/p>\n<ul>\n<li><strong>ISO\/IEC 17025<\/strong> \u2013 Requisitos para laboratorios de ensayo y calibraci\u00f3n\u00a0\u2013\u00a0Inicio 19\/01\/26 &#8211; Fin 29\/01\/26 (40 horas).<\/li>\n<\/ul>\n<p><u>M\u00f3dulos sueltos de formaci\u00f3n complementaria:<\/u><\/p>\n<ul>\n<li>Introducci\u00f3n a los sistemas de gesti\u00f3n basados en normas y su aplicaci\u00f3n en las empresas (5 horas)<strong>.<\/strong><\/li>\n<li>Integraci\u00f3n de sistemas de gesti\u00f3n basados en normas\u00a002\/12\/25 o el 17\/03\/26 (5 horas).<\/li>\n<li>Formaci\u00f3n para formadores \u2013 12 y 13 de enero de 2026 (10 horas).<\/li>\n<li>Microbiolog\u00eda alimentaria \u2013 14, 15 y 16 de enero de 2026 (15 horas).<\/li>\n<li>Estrategia y gesti\u00f3n de la Sostenibilidad \u2013 24, 25 y 26 de febrero de 2026 (15 horas).<\/li>\n<li>Legislaci\u00f3n alimentaria \u2013 10, 11 y 12 de marzo de 2026 (15 horas).<\/li>\n<li>Legislaci\u00f3n ambiental en Canarias \u2013 24, 25 y 26 de marzo de 2026 (15 horas).<\/li>\n<\/ul>\n<p>\ud83d\udcb0 <strong>Precios:<\/strong><\/p>\n<p>&nbsp;<\/p>\n<p><u>Cursos 40 horas:<\/u><\/p>\n<p>Colegiados y colegiadas del COBCAN: 1.350\u20ac<\/p>\n<p>Entidades afines y colaboradores: 1.550\u20ac<\/p>\n<p>P\u00fablico en general: 1.750\u20ac<\/p>\n<p><u>Cursos 15 horas:<\/u><\/p>\n<p>Colegiados y colegiadas del COBCAN: 510\u20ac<\/p>\n<p>Entidades afines y colaboradores: 585\u20ac<\/p>\n<p>P\u00fablico en general: 660\u20ac<\/p>\n<p><u>Cursos 10 horas:<\/u><\/p>\n<p>Colegiados y colegiadas del COBCAN: 340\u20ac<\/p>\n<p>Entidades afines y colaboradores: 390\u20ac<\/p>\n<p>P\u00fablico en general: 440\u20ac<\/p>\n<p><u>Cursos 5 horas:<\/u><\/p>\n<p>Colegiados y colegiadas del COBCAN: 170\u20ac<\/p>\n<p>Entidades afines y colaboradores: 195\u20ac<\/p>\n<p>P\u00fablico en general: 220\u20ac<\/p>\n<p>&nbsp;<\/p>\n<p>\u26a0\ufe0f <strong>Condiciones de inscripci\u00f3n:<\/strong><\/p>\n<ul>\n<li>El importe debe abonarse al menos <strong>15 d\u00edas naturales antes del inicio del curso<\/strong>.<\/li>\n<li><strong>M\u00ednimo de 10<\/strong> y <strong>m\u00e1ximo de 20 alumnos\/as<\/strong> por curso.<\/li>\n<li>Si no se alcanza el m\u00ednimo, se reprogramar\u00e1 con aviso de <strong>10 d\u00edas<\/strong>.<\/li>\n<li>El curso se impartir\u00e1 <strong>en la isla con m\u00e1s alumnos inscritos<\/strong>. El resto asistir\u00e1 v\u00eda streaming.<\/li>\n<li>Cancelaci\u00f3n con devoluci\u00f3n del <strong>80% del importe<\/strong> hasta 15 d\u00edas antes del inicio.<\/li>\n<li>Una vez efectuado el pago, se acepta la asistencia v\u00eda streaming en caso de cambio de sede.<\/li>\n<li>La inscripci\u00f3n quedar\u00e1 formalizada una vez recibido el justificante de pago.<\/li>\n<\/ul>\n<p>&nbsp;<\/p>\n<p>Para mayor informaci\u00f3n sobre los cursos y c\u00f3mo inscribirse pulse <strong>\u00abM\u00e1s informaci\u00f3n+\u00bb<\/strong>.<\/p>\n<p>&nbsp;<\/p>\n<p>&nbsp;<\/p>\n<p>Si tiene cualquier duda, puede escribirnos en\u00a0<a href=\"https:\/\/cobcan.acblnk.com\/url\/ver\/857815769\/3374655\/ea92fba00fada5e63556821d70dec6d1\">info@cobcan.es<\/a>\u00a0o llamar al tel\u00e9fono\u00a0<strong>922251150<\/strong>.<\/p>\n<p>&nbsp;<\/p>\n<p>&nbsp;<\/p>\n<p>Es maravilloso trabajar en todas las profesiones de la Biolog\u00eda. Por un mundo mejor.<\/p>\n<p>Biolog\u00eda, Ciencias Ambientales, Ciencias del Mar, Biotecnolog\u00eda, Bioqu\u00edmica, Gen\u00e9tica, Ecolog\u00eda, Zoolog\u00eda, Etolog\u00eda, Paleontolog\u00eda, Bot\u00e1nica, Biolog\u00eda Sanitaria, Tecnolog\u00eda de los Alimentos, Nutrici\u00f3n y Diet\u00e9tica, Microbiolog\u00eda, Biolog\u00eda marina, Biolog\u00eda forense y otras.<\/p>\n<p style=\"text-align: center;\"><a href=\"https:\/\/cobcan.com\/titulacion-aenor\/?utm_campaign=nuevos-cursos-especializados-del-cobcan-aenor-inscripcion-abierta&amp;utm_medium=email&amp;utm_source=acumbamail\" target=\"_blank\" rel=\"noopener\"><strong>M\u00c1S INFO: PINCHAR AQUI<\/strong><\/a><\/p>\n<\/td>\n<\/tr>\n<\/tbody>\n<\/table>\n<p>&nbsp;<\/p>\n<p>&nbsp;<\/p>","protected":false},"excerpt":{"rendered":"<p>Nuevos cursos especializados del COBCAN + AENOR Inscripci\u00f3n abierta &nbsp;  [&#8230;]<\/p>\n","protected":false},"author":3,"featured_media":4445,"comment_status":"closed","ping_status":"closed","sticky":false,"template":"","format":"standard","meta":{"iawp_total_views":51,"footnotes":""},"categories":[71,69,72,6,70,75],"tags":[],"class_list":["post-4443","post","type-post","status-publish","format-standard","has-post-thumbnail","hentry","category-agricultura-e-industria-alimentaria","category-formacion","category-medio-ambiente","category-nutrition","category-sanidad","category-universidad-e-investigacion"],"_links":{"self":[{"href":"https:\/\/cobandalucia.org\/en\/wp-json\/wp\/v2\/posts\/4443","targetHints":{"allow":["GET"]}}],"collection":[{"href":"https:\/\/cobandalucia.org\/en\/wp-json\/wp\/v2\/posts"}],"about":[{"href":"https:\/\/cobandalucia.org\/en\/wp-json\/wp\/v2\/types\/post"}],"author":[{"embeddable":true,"href":"https:\/\/cobandalucia.org\/en\/wp-json\/wp\/v2\/users\/3"}],"replies":[{"embeddable":true,"href":"https:\/\/cobandalucia.org\/en\/wp-json\/wp\/v2\/comments?post=4443"}],"version-history":[{"count":1,"href":"https:\/\/cobandalucia.org\/en\/wp-json\/wp\/v2\/posts\/4443\/revisions"}],"predecessor-version":[{"id":4446,"href":"https:\/\/cobandalucia.org\/en\/wp-json\/wp\/v2\/posts\/4443\/revisions\/4446"}],"wp:featuredmedia":[{"embeddable":true,"href":"https:\/\/cobandalucia.org\/en\/wp-json\/wp\/v2\/media\/4445"}],"wp:attachment":[{"href":"https:\/\/cobandalucia.org\/en\/wp-json\/wp\/v2\/media?parent=4443"}],"wp:term":[{"taxonomy":"category","embeddable":true,"href":"https:\/\/cobandalucia.org\/en\/wp-json\/wp\/v2\/categories?post=4443"},{"taxonomy":"post_tag","embeddable":true,"href":"https:\/\/cobandalucia.org\/en\/wp-json\/wp\/v2\/tags?post=4443"}],"curies":[{"name":"wp","href":"https:\/\/api.w.org\/{rel}","templated":true}]}}