{"id":4454,"date":"2025-09-15T07:41:48","date_gmt":"2025-09-15T07:41:48","guid":{"rendered":"https:\/\/cobandalucia.org\/?p=4454"},"modified":"2025-09-15T07:41:48","modified_gmt":"2025-09-15T07:41:48","slug":"reunion-con-la-s-g-de-sostenibilidad-y-cambio-climatico-de-la-junta-de-andalucia","status":"publish","type":"post","link":"https:\/\/cobandalucia.org\/en\/reunion-con-la-s-g-de-sostenibilidad-y-cambio-climatico-de-la-junta-de-andalucia\/","title":{"rendered":"Reuni\u00f3n con la S.G. de Sostenibilidad y Cambio Clim\u00e1tico de la Junta de Andaluc\u00eda"},"content":{"rendered":"<p>\u00abEl d\u00eda 11 de noviembre el COBA se ha reunido con la Secretaria General de Sostenibilidad y Cambio Clim\u00e1tico de la Consejer\u00eda de Sostenibilidad y Medio Ambiente, D\u00aa Mar\u00eda L\u00f3pez Sanchis. Por parte del Colegio, estuvieron en la reuni\u00f3n, Jorge Fari\u00f1a Garralda vicedecano del COBA, Fernando Rodr\u00edguez Correal, Bi\u00f3logo de Referencia Senior de la Comisi\u00f3n de Medio Ambiente del COBA y Yolanda Cabezas Recio, Presidenta de la Comisi\u00f3n de Medio Ambiente.<\/p>\n<p>El encuentro ha servido para activar cauces de comunicaci\u00f3n y de colaboraci\u00f3n, para trabajar de la mano de la administraci\u00f3n auton\u00f3mica en los objetivos que el COBA tiene como entidad de derecho p\u00fablico al servicio de la sociedad, y del bien com\u00fan, y siempre en defensa de la profesi\u00f3n. Se establece un marco de actuaci\u00f3n a trav\u00e9s de las herramientas articuladas para tal fin, como son los \u00f3rganos de participaci\u00f3n adscritos a la Consejer\u00eda de Medio Ambiente, la colaboraci\u00f3n en los procesos de dise\u00f1o del cuerpo normativo vinculado a la gesti\u00f3n del medio ambiente, y la difusi\u00f3n de actuaciones de la Consejer\u00eda a trav\u00e9s del Colegio y sus colegiados.<\/p>\n<p>En definitiva, hemos puesto de manifiesto a la Secretaria General que somos un colectivo activo, fiable y dispuesto a colaborar con la Junta de Andaluc\u00eda para alcanzar metas compartidas.\u00bb<\/p>","protected":false},"excerpt":{"rendered":"<p>\u00abEl d\u00eda 11 de noviembre el COBA se ha reunido  [&#8230;]<\/p>\n","protected":false},"author":3,"featured_media":4455,"comment_status":"closed","ping_status":"closed","sticky":false,"template":"","format":"standard","meta":{"iawp_total_views":25,"footnotes":""},"categories":[71,72],"tags":[],"class_list":["post-4454","post","type-post","status-publish","format-standard","has-post-thumbnail","hentry","category-agricultura-e-industria-alimentaria","category-medio-ambiente"],"_links":{"self":[{"href":"https:\/\/cobandalucia.org\/en\/wp-json\/wp\/v2\/posts\/4454","targetHints":{"allow":["GET"]}}],"collection":[{"href":"https:\/\/cobandalucia.org\/en\/wp-json\/wp\/v2\/posts"}],"about":[{"href":"https:\/\/cobandalucia.org\/en\/wp-json\/wp\/v2\/types\/post"}],"author":[{"embeddable":true,"href":"https:\/\/cobandalucia.org\/en\/wp-json\/wp\/v2\/users\/3"}],"replies":[{"embeddable":true,"href":"https:\/\/cobandalucia.org\/en\/wp-json\/wp\/v2\/comments?post=4454"}],"version-history":[{"count":1,"href":"https:\/\/cobandalucia.org\/en\/wp-json\/wp\/v2\/posts\/4454\/revisions"}],"predecessor-version":[{"id":4456,"href":"https:\/\/cobandalucia.org\/en\/wp-json\/wp\/v2\/posts\/4454\/revisions\/4456"}],"wp:featuredmedia":[{"embeddable":true,"href":"https:\/\/cobandalucia.org\/en\/wp-json\/wp\/v2\/media\/4455"}],"wp:attachment":[{"href":"https:\/\/cobandalucia.org\/en\/wp-json\/wp\/v2\/media?parent=4454"}],"wp:term":[{"taxonomy":"category","embeddable":true,"href":"https:\/\/cobandalucia.org\/en\/wp-json\/wp\/v2\/categories?post=4454"},{"taxonomy":"post_tag","embeddable":true,"href":"https:\/\/cobandalucia.org\/en\/wp-json\/wp\/v2\/tags?post=4454"}],"curies":[{"name":"wp","href":"https:\/\/api.w.org\/{rel}","templated":true}]}}