{"id":4457,"date":"2025-09-16T10:05:51","date_gmt":"2025-09-16T10:05:51","guid":{"rendered":"https:\/\/cobandalucia.org\/?p=4457"},"modified":"2025-09-16T10:12:21","modified_gmt":"2025-09-16T10:12:21","slug":"4457-2","status":"publish","type":"post","link":"https:\/\/cobandalucia.org\/en\/4457-2\/","title":{"rendered":"XXII Jornadas Internacionales de Actualizaci\u00f3n en Vacunas Balmis Knows 2025"},"content":{"rendered":"<h3 style=\"text-align: center;\">El\u00a0<a href=\"https:\/\/ibvacunas.com\/\" target=\"_blank\" rel=\"noopener\">Instituto Balmis de Vacunas<\/a>\u00a0organiza las\u00a0<strong>XXII Jornadas Internacionales de Actualizaci\u00f3n en Vacunas Balmis Knows 2025<\/strong>.<\/h3>\n<h3 style=\"text-align: center;\">Se celebrar\u00e1 los d\u00edas\u00a0<strong>2 y 3 de octubre\u00a0<\/strong>de este 2025 de manera\u00a0<strong>presencial, en el\u00a0Teatro Cervantes de Almer\u00eda, y online.<\/strong><\/h3>\n<h3 style=\"text-align: center;\">Este encuentro anual re\u00fane, un a\u00f1o m\u00e1s, a los mayores expertos en vacunaci\u00f3n del mundo.<\/h3>\n<h3><\/h3>\n<h3 style=\"text-align: center;\">Pincha aqu\u00ed para m\u00e1s informaci\u00f3n:<\/h3>\n<p style=\"text-align: center;\"><a href=\"https:\/\/ibvacunas.com\/xxii-jornadas-internacionales-de-actualizacion-en-vacunas-2025\/\" target=\"_blank\" rel=\"noopener\"><strong>IBVACUNAS<\/strong><\/a><\/p>\n<p>&nbsp;<\/p>","protected":false},"excerpt":{"rendered":"<p>El\u00a0Instituto Balmis de Vacunas\u00a0organiza las\u00a0XXII Jornadas Internacionales de Actualizaci\u00f3n en  [&#8230;]<\/p>\n","protected":false},"author":3,"featured_media":4458,"comment_status":"closed","ping_status":"closed","sticky":false,"template":"","format":"standard","meta":{"iawp_total_views":16,"footnotes":""},"categories":[74,68,70,75],"tags":[],"class_list":["post-4457","post","type-post","status-publish","format-standard","has-post-thumbnail","hentry","category-biotecnologia","category-jornadas-y-asambleas","category-sanidad","category-universidad-e-investigacion"],"_links":{"self":[{"href":"https:\/\/cobandalucia.org\/en\/wp-json\/wp\/v2\/posts\/4457","targetHints":{"allow":["GET"]}}],"collection":[{"href":"https:\/\/cobandalucia.org\/en\/wp-json\/wp\/v2\/posts"}],"about":[{"href":"https:\/\/cobandalucia.org\/en\/wp-json\/wp\/v2\/types\/post"}],"author":[{"embeddable":true,"href":"https:\/\/cobandalucia.org\/en\/wp-json\/wp\/v2\/users\/3"}],"replies":[{"embeddable":true,"href":"https:\/\/cobandalucia.org\/en\/wp-json\/wp\/v2\/comments?post=4457"}],"version-history":[{"count":3,"href":"https:\/\/cobandalucia.org\/en\/wp-json\/wp\/v2\/posts\/4457\/revisions"}],"predecessor-version":[{"id":4461,"href":"https:\/\/cobandalucia.org\/en\/wp-json\/wp\/v2\/posts\/4457\/revisions\/4461"}],"wp:featuredmedia":[{"embeddable":true,"href":"https:\/\/cobandalucia.org\/en\/wp-json\/wp\/v2\/media\/4458"}],"wp:attachment":[{"href":"https:\/\/cobandalucia.org\/en\/wp-json\/wp\/v2\/media?parent=4457"}],"wp:term":[{"taxonomy":"category","embeddable":true,"href":"https:\/\/cobandalucia.org\/en\/wp-json\/wp\/v2\/categories?post=4457"},{"taxonomy":"post_tag","embeddable":true,"href":"https:\/\/cobandalucia.org\/en\/wp-json\/wp\/v2\/tags?post=4457"}],"curies":[{"name":"wp","href":"https:\/\/api.w.org\/{rel}","templated":true}]}}