{"id":4477,"date":"2025-09-19T06:44:10","date_gmt":"2025-09-19T06:44:10","guid":{"rendered":"https:\/\/cobandalucia.org\/?p=4477"},"modified":"2025-09-19T06:44:10","modified_gmt":"2025-09-19T06:44:10","slug":"dia-mundial-de-la-calidad-del-agua","status":"publish","type":"post","link":"https:\/\/cobandalucia.org\/en\/dia-mundial-de-la-calidad-del-agua\/","title":{"rendered":"D\u00eda Mundial de la Calidad del Agua"},"content":{"rendered":"<p><strong>18 de septiembre \u2013 D\u00eda Mundial de la Calidad del Agua<\/strong><\/p>\n<p>El agua es un recurso esencial para la vida y un pilar fundamental en la salud de los ecosistemas, las comunidades y las econom\u00edas. Sin embargo, la presi\u00f3n del cambio clim\u00e1tico, la contaminaci\u00f3n y la sobreexplotaci\u00f3n de los recursos h\u00eddricos ponen en riesgo su calidad y disponibilidad.<\/p>\n<p>En el <strong>D\u00eda Mundial de la Calidad del Agua<\/strong>, el Colegio Oficial de Bi\u00f3logos de Andaluc\u00eda quiere subrayar la importancia de garantizar un acceso seguro y sostenible a este bien com\u00fan, as\u00ed como la necesidad de impulsar pol\u00edticas y pr\u00e1cticas que aseguren la conservaci\u00f3n y mejora de los recursos h\u00eddricos.<\/p>\n<p>Los bi\u00f3logos desempe\u00f1an un papel clave en la investigaci\u00f3n, la gesti\u00f3n y la protecci\u00f3n de los ecosistemas acu\u00e1ticos, velando por el equilibrio de los h\u00e1bitats naturales, la preservaci\u00f3n de la biodiversidad y la prevenci\u00f3n de riesgos para la salud humana asociados a la contaminaci\u00f3n del agua.<\/p>\n<p>Recordemos que <strong>proteger la calidad del agua es proteger la vida<\/strong>. Desde nuestro Colegio hacemos un llamamiento a la ciudadan\u00eda, las instituciones y los sectores productivos para trabajar juntos en el uso responsable de este recurso vital, fomentando la educaci\u00f3n ambiental, la investigaci\u00f3n cient\u00edfica y la gesti\u00f3n sostenible del agua en Andaluc\u00eda y en el mundo.<\/p>","protected":false},"excerpt":{"rendered":"<p>18 de septiembre \u2013 D\u00eda Mundial de la Calidad del  [&#8230;]<\/p>\n","protected":false},"author":3,"featured_media":4478,"comment_status":"closed","ping_status":"closed","sticky":false,"template":"","format":"standard","meta":{"iawp_total_views":5,"footnotes":""},"categories":[72,73],"tags":[],"class_list":["post-4477","post","type-post","status-publish","format-standard","has-post-thumbnail","hentry","category-medio-ambiente","category-medio-marino"],"_links":{"self":[{"href":"https:\/\/cobandalucia.org\/en\/wp-json\/wp\/v2\/posts\/4477","targetHints":{"allow":["GET"]}}],"collection":[{"href":"https:\/\/cobandalucia.org\/en\/wp-json\/wp\/v2\/posts"}],"about":[{"href":"https:\/\/cobandalucia.org\/en\/wp-json\/wp\/v2\/types\/post"}],"author":[{"embeddable":true,"href":"https:\/\/cobandalucia.org\/en\/wp-json\/wp\/v2\/users\/3"}],"replies":[{"embeddable":true,"href":"https:\/\/cobandalucia.org\/en\/wp-json\/wp\/v2\/comments?post=4477"}],"version-history":[{"count":1,"href":"https:\/\/cobandalucia.org\/en\/wp-json\/wp\/v2\/posts\/4477\/revisions"}],"predecessor-version":[{"id":4479,"href":"https:\/\/cobandalucia.org\/en\/wp-json\/wp\/v2\/posts\/4477\/revisions\/4479"}],"wp:featuredmedia":[{"embeddable":true,"href":"https:\/\/cobandalucia.org\/en\/wp-json\/wp\/v2\/media\/4478"}],"wp:attachment":[{"href":"https:\/\/cobandalucia.org\/en\/wp-json\/wp\/v2\/media?parent=4477"}],"wp:term":[{"taxonomy":"category","embeddable":true,"href":"https:\/\/cobandalucia.org\/en\/wp-json\/wp\/v2\/categories?post=4477"},{"taxonomy":"post_tag","embeddable":true,"href":"https:\/\/cobandalucia.org\/en\/wp-json\/wp\/v2\/tags?post=4477"}],"curies":[{"name":"wp","href":"https:\/\/api.w.org\/{rel}","templated":true}]}}