{"id":4506,"date":"2025-09-29T11:45:40","date_gmt":"2025-09-29T11:45:40","guid":{"rendered":"https:\/\/cobandalucia.org\/?p=4506"},"modified":"2025-09-29T11:45:40","modified_gmt":"2025-09-29T11:45:40","slug":"la-universidad-y-la-fcta-lideran-el-primer-congreso-sobre-energias-renovables-e-hidrogeno-en-algeciras","status":"publish","type":"post","link":"https:\/\/cobandalucia.org\/en\/la-universidad-y-la-fcta-lideran-el-primer-congreso-sobre-energias-renovables-e-hidrogeno-en-algeciras\/","title":{"rendered":"La Universidad y la FCTA lideran el primer congreso sobre energ\u00edas renovables e hidr\u00f3geno en Algeciras"},"content":{"rendered":"<p><strong>La Universidad y la FCTA lideran el primer congreso sobre energ\u00edas renovables e hidr\u00f3geno en Algeciras<\/strong><\/p>\n<p>&nbsp;<\/p>\n<p>Los d\u00edas\u00a0<strong>29 y 30 de octubre<\/strong>\u00a0se dar\u00e1n cita en Algeciras investigadores, centros de investigaci\u00f3n, empresas y expertos en energ\u00edas renovables, hidr\u00f3geno y transici\u00f3n energ\u00e9tica, para analizar los \u00faltimos avances, retos y oportunidades en el camino hacia la desfosilizaci\u00f3n del tejido industrial y portuario.<\/p>\n<p>El\u00a0<strong>I Congreso RH<\/strong><strong>\u2082<\/strong><strong>Enovables para la Desfosilizaci\u00f3n Industrial, RH<sub>2<\/sub>EDIN 2025<\/strong>, organizado por la Fundaci\u00f3n Campus Tecnol\u00f3gico (FCTA) y la Universidad de C\u00e1diz (UCA), a trav\u00e9s del vicerrectorado del Campus Bah\u00eda de Algeciras, y en colaboraci\u00f3n con la Escuela T\u00e9cnica Superior de Ingenier\u00eda de Algeciras (ETSIA), girar\u00e1\u00a0<strong>en torno a seis ejes<\/strong>: avances en energ\u00eda solar y e\u00f3lica; renovables emergentes; Producci\u00f3n de H\u2082\u00a0Renovable; Valles y corredores de H\u2082; Avances en almacenamiento de H\u2082; y tecnolog\u00edas Power-to-X.<\/p>\n<p>La vicerrectora del Campus Bah\u00eda de Algeciras, Mar\u00eda de la Luz Mart\u00edn Rodr\u00edguez, ha querido destacar que \u201ceste congreso es una decidida apuesta por el reto de la\u00a0<strong>transici\u00f3n energ\u00e9tica<\/strong>, la mayor oportunidad para que el sector industrial sea m\u00e1s sostenible\u201d, a lo que ha a\u00f1adido que \u201cdescarbonizar la industria no es un coste, es la clave para asegurar competitividad y sostenibilidad\u201d. En ese sentido, seg\u00fan la vicerrectora \u201cRH<sub>2<\/sub>EDIN 2025 va a ser el punto de encuentro de investigadores, alianzas y un laboratorio de ideas donde la aportaci\u00f3n de todos es fundamental para esa transici\u00f3n energ\u00e9tica\u201d.<\/p>\n<p>El programa, que se desarrollar\u00e1 de manera simult\u00e1nea en diferentes espacios de la ETSIA, sede del congreso, est\u00e1 compuesto por tres conferencias plenarias a cargo de expertos de reconocido prestigio,\u00a0varias sesiones de comunicaciones cient\u00edficas y una cena de gala que se celebrar\u00e1 el primer d\u00eda al concluir la sesi\u00f3n de tarde.<\/p>\n<p>La primera de las conferencias plenarias ser\u00e1 la inaugural, a cargo de\u00a0<strong>Vicente Cort\u00e9s<\/strong>, cofundador y presidente de Honor de INERCO, bajo el t\u00edtulo\u00a0<em>La industria europea en la encrucijada: transici\u00f3n energ\u00e9tica y competitividad.\u00a0<\/em>Los otros dos conferenciantes plenarios ser\u00e1n\u00a0<strong>Javier Brey<\/strong>, presidente de la Asociaci\u00f3n Espa\u00f1ola del Hidr\u00f3geno, y\u00a0<strong>Francisca Segura<\/strong>, catedr\u00e1tica de la Universidad de Huelva e investigadora en el Centro de Investigaci\u00f3n en Tecnolog\u00eda, Energ\u00eda y Sostenibilidad.<\/p>\n<p>Para la celebraci\u00f3n de este evento los organizadores han contado con la financiaci\u00f3n de la\u00a0<strong>Diputaci\u00f3n de C\u00e1diz<\/strong>\u00a0a trav\u00e9s de\u00a0<em>DipuInnova Plus 2025\u00a0<\/em>y el patrocinio de numerosas empresas o entidades como Moeve, Acerinox, la Autoridad Portuaria Bah\u00eda de Algeciras, Evos, H2SITE, la Asociaci\u00f3n de Grandes Industrias del Campo de Gibraltar (AGI) o las revistas especializadas\u00a0<em>Energies<\/em>\u00a0e\u00a0<em>Hydrogen<\/em>\u00a0de la editorial MDPI.<\/p>\n<p>El plazo para presentar comunicaciones por parte de los interesados, ya sean investigadores, profesionales o empresas, as\u00ed como para aquellos asistentes que quieran acudir como p\u00fablico, se mantendr\u00e1 abierto durante los pr\u00f3ximos d\u00edas. En la web\u00a0<a href=\"https:\/\/rh2edincongreso.com\/\" target=\"_blank\" rel=\"noopener\">https:\/\/rh2edincongreso.com\/<\/a>\u00a0podr\u00e1n encontrar la informaci\u00f3n completa del evento.<\/p>\n<p>&nbsp;<\/p>\n<p>&nbsp;<\/p>","protected":false},"excerpt":{"rendered":"<p>La Universidad y la FCTA lideran el primer congreso sobre  [&#8230;]<\/p>\n","protected":false},"author":3,"featured_media":4507,"comment_status":"closed","ping_status":"closed","sticky":false,"template":"","format":"standard","meta":{"iawp_total_views":10,"footnotes":""},"categories":[74,68,72,73,75],"tags":[],"class_list":["post-4506","post","type-post","status-publish","format-standard","has-post-thumbnail","hentry","category-biotecnologia","category-jornadas-y-asambleas","category-medio-ambiente","category-medio-marino","category-universidad-e-investigacion"],"_links":{"self":[{"href":"https:\/\/cobandalucia.org\/en\/wp-json\/wp\/v2\/posts\/4506","targetHints":{"allow":["GET"]}}],"collection":[{"href":"https:\/\/cobandalucia.org\/en\/wp-json\/wp\/v2\/posts"}],"about":[{"href":"https:\/\/cobandalucia.org\/en\/wp-json\/wp\/v2\/types\/post"}],"author":[{"embeddable":true,"href":"https:\/\/cobandalucia.org\/en\/wp-json\/wp\/v2\/users\/3"}],"replies":[{"embeddable":true,"href":"https:\/\/cobandalucia.org\/en\/wp-json\/wp\/v2\/comments?post=4506"}],"version-history":[{"count":1,"href":"https:\/\/cobandalucia.org\/en\/wp-json\/wp\/v2\/posts\/4506\/revisions"}],"predecessor-version":[{"id":4508,"href":"https:\/\/cobandalucia.org\/en\/wp-json\/wp\/v2\/posts\/4506\/revisions\/4508"}],"wp:featuredmedia":[{"embeddable":true,"href":"https:\/\/cobandalucia.org\/en\/wp-json\/wp\/v2\/media\/4507"}],"wp:attachment":[{"href":"https:\/\/cobandalucia.org\/en\/wp-json\/wp\/v2\/media?parent=4506"}],"wp:term":[{"taxonomy":"category","embeddable":true,"href":"https:\/\/cobandalucia.org\/en\/wp-json\/wp\/v2\/categories?post=4506"},{"taxonomy":"post_tag","embeddable":true,"href":"https:\/\/cobandalucia.org\/en\/wp-json\/wp\/v2\/tags?post=4506"}],"curies":[{"name":"wp","href":"https:\/\/api.w.org\/{rel}","templated":true}]}}