{"id":4515,"date":"2025-10-03T15:12:37","date_gmt":"2025-10-03T15:12:37","guid":{"rendered":"https:\/\/cobandalucia.org\/?p=4515"},"modified":"2025-10-03T15:12:37","modified_gmt":"2025-10-03T15:12:37","slug":"reunion-con-d-rafael-belmonte-gomez-diputado-por-sevilla-del-grupo-parlamentario-popular","status":"publish","type":"post","link":"https:\/\/cobandalucia.org\/en\/reunion-con-d-rafael-belmonte-gomez-diputado-por-sevilla-del-grupo-parlamentario-popular\/","title":{"rendered":"Reuni\u00f3n con D. Rafael Belmonte G\u00f3mez, Diputado por Sevilla del Grupo Parlamentario Popular"},"content":{"rendered":"<p>El pasado 2 de octubre de 2025, nuestro decano D. Jos\u00e9 Berros, junto con la secretaria D\u00aa Marta I. Gonzalez, y la tesorera D\u00aa Mireya Rif\u00e1, tuvieron una reuni\u00f3n en la sede del colegio con \u00a0D. Rafael Belmonte G\u00f3mez, Diputado por Sevilla del Grupo Parlamentario Popular para afrontarlos distintos problemas que tenemos en el entorno de biolog\u00eda, ya que D. Rafael Belmonte G\u00f3mez, es tambi\u00e9n Miembro de la Comisi\u00f3n de Sanidad del Congreso de los Diputados. En dicha reuni\u00f3n se debatieron problemas de \u00e1mbito Medioambiental y Sanitario.<\/p>","protected":false},"excerpt":{"rendered":"<p>El pasado 2 de octubre de 2025, nuestro decano D.  [&#8230;]<\/p>\n","protected":false},"author":3,"featured_media":4516,"comment_status":"closed","ping_status":"closed","sticky":false,"template":"","format":"standard","meta":{"iawp_total_views":40,"footnotes":""},"categories":[71,72,70],"tags":[],"class_list":["post-4515","post","type-post","status-publish","format-standard","has-post-thumbnail","hentry","category-agricultura-e-industria-alimentaria","category-medio-ambiente","category-sanidad"],"_links":{"self":[{"href":"https:\/\/cobandalucia.org\/en\/wp-json\/wp\/v2\/posts\/4515","targetHints":{"allow":["GET"]}}],"collection":[{"href":"https:\/\/cobandalucia.org\/en\/wp-json\/wp\/v2\/posts"}],"about":[{"href":"https:\/\/cobandalucia.org\/en\/wp-json\/wp\/v2\/types\/post"}],"author":[{"embeddable":true,"href":"https:\/\/cobandalucia.org\/en\/wp-json\/wp\/v2\/users\/3"}],"replies":[{"embeddable":true,"href":"https:\/\/cobandalucia.org\/en\/wp-json\/wp\/v2\/comments?post=4515"}],"version-history":[{"count":1,"href":"https:\/\/cobandalucia.org\/en\/wp-json\/wp\/v2\/posts\/4515\/revisions"}],"predecessor-version":[{"id":4519,"href":"https:\/\/cobandalucia.org\/en\/wp-json\/wp\/v2\/posts\/4515\/revisions\/4519"}],"wp:featuredmedia":[{"embeddable":true,"href":"https:\/\/cobandalucia.org\/en\/wp-json\/wp\/v2\/media\/4516"}],"wp:attachment":[{"href":"https:\/\/cobandalucia.org\/en\/wp-json\/wp\/v2\/media?parent=4515"}],"wp:term":[{"taxonomy":"category","embeddable":true,"href":"https:\/\/cobandalucia.org\/en\/wp-json\/wp\/v2\/categories?post=4515"},{"taxonomy":"post_tag","embeddable":true,"href":"https:\/\/cobandalucia.org\/en\/wp-json\/wp\/v2\/tags?post=4515"}],"curies":[{"name":"wp","href":"https:\/\/api.w.org\/{rel}","templated":true}]}}