{"id":4531,"date":"2025-10-15T15:35:23","date_gmt":"2025-10-15T15:35:23","guid":{"rendered":"https:\/\/cobandalucia.org\/?p=4531"},"modified":"2025-10-15T15:35:23","modified_gmt":"2025-10-15T15:35:23","slug":"dia-internacional-del-cambio-climatico","status":"publish","type":"post","link":"https:\/\/cobandalucia.org\/en\/dia-internacional-del-cambio-climatico\/","title":{"rendered":"D\u00eda Internacional del Cambio Clim\u00e1tico"},"content":{"rendered":"<p>Para celebrar este d\u00eda, la FAMM ha organizado, en colaboraci\u00f3n con el Ayuntamiento de M\u00e1laga y el Instituto Oceanogr\u00e1fico de M\u00e1laga la conferencia magistral <b>\u00abRefugios marinos: la clave para proteger la biodiversidad y asegurar el futuro de las comunidades costeras del Mediterr\u00e1neo espa\u00f1ol\u00bb<\/b>, que ser\u00e1 impartida por\u00a0<b>Noelia Hern\u00e1ndez<\/b>, doctora en Ecolog\u00eda Marina, exploradora de National Geographic y consultora de Oceana, seguida de un di\u00e1logo con expertos.<\/p>\n<p>&nbsp;<\/p>\n<p>Participa:<\/p>\n<p><a href=\"https:\/\/docs.google.com\/forms\/d\/e\/1FAIpQLScAdPDFy5b7zcn2Ww8ictJLhV0qYqum_hhHLo3UVJrVGJIGnA\/viewform\" target=\"_blank\" rel=\"noopener\">https:\/\/docs.google.com\/forms\/d\/e\/1FAIpQLScAdPDFy5b7zcn2Ww8ictJLhV0qYqum_hhHLo3UVJrVGJIGnA\/viewform<\/a><\/p>","protected":false},"excerpt":{"rendered":"<p>Para celebrar este d\u00eda, la FAMM ha organizado, en colaboraci\u00f3n  [&#8230;]<\/p>\n","protected":false},"author":3,"featured_media":4532,"comment_status":"closed","ping_status":"closed","sticky":false,"template":"","format":"standard","meta":{"iawp_total_views":7,"footnotes":""},"categories":[2,68,72,73,75],"tags":[],"class_list":["post-4531","post","type-post","status-publish","format-standard","has-post-thumbnail","hentry","category-animal","category-jornadas-y-asambleas","category-medio-ambiente","category-medio-marino","category-universidad-e-investigacion"],"_links":{"self":[{"href":"https:\/\/cobandalucia.org\/en\/wp-json\/wp\/v2\/posts\/4531","targetHints":{"allow":["GET"]}}],"collection":[{"href":"https:\/\/cobandalucia.org\/en\/wp-json\/wp\/v2\/posts"}],"about":[{"href":"https:\/\/cobandalucia.org\/en\/wp-json\/wp\/v2\/types\/post"}],"author":[{"embeddable":true,"href":"https:\/\/cobandalucia.org\/en\/wp-json\/wp\/v2\/users\/3"}],"replies":[{"embeddable":true,"href":"https:\/\/cobandalucia.org\/en\/wp-json\/wp\/v2\/comments?post=4531"}],"version-history":[{"count":1,"href":"https:\/\/cobandalucia.org\/en\/wp-json\/wp\/v2\/posts\/4531\/revisions"}],"predecessor-version":[{"id":4533,"href":"https:\/\/cobandalucia.org\/en\/wp-json\/wp\/v2\/posts\/4531\/revisions\/4533"}],"wp:featuredmedia":[{"embeddable":true,"href":"https:\/\/cobandalucia.org\/en\/wp-json\/wp\/v2\/media\/4532"}],"wp:attachment":[{"href":"https:\/\/cobandalucia.org\/en\/wp-json\/wp\/v2\/media?parent=4531"}],"wp:term":[{"taxonomy":"category","embeddable":true,"href":"https:\/\/cobandalucia.org\/en\/wp-json\/wp\/v2\/categories?post=4531"},{"taxonomy":"post_tag","embeddable":true,"href":"https:\/\/cobandalucia.org\/en\/wp-json\/wp\/v2\/tags?post=4531"}],"curies":[{"name":"wp","href":"https:\/\/api.w.org\/{rel}","templated":true}]}}