{"id":4549,"date":"2025-10-27T10:07:41","date_gmt":"2025-10-27T10:07:41","guid":{"rendered":"https:\/\/cobandalucia.org\/?p=4549"},"modified":"2025-10-27T10:07:41","modified_gmt":"2025-10-27T10:07:41","slug":"webinar-bioetica-y-biologia-en-el-final-de-la-vida-humana","status":"publish","type":"post","link":"https:\/\/cobandalucia.org\/en\/webinar-bioetica-y-biologia-en-el-final-de-la-vida-humana\/","title":{"rendered":"Webinar: Bio\u00e9tica y Biolog\u00eda en el final de la vida humana."},"content":{"rendered":"<p>El jueves 30 de octubre de 2025, desde las 18:30 h. a las 20:00 horas, se celebrar\u00e1 el\u00a0<strong>Webinar gratuito \u201cBio\u00e9tica y Biolog\u00eda en el final de la vida humana\u00bb\u00a0<\/strong>organizado por el COBCAN Colegio Oficial de Bi\u00f3logos de Canarias y co-organizado por la Asociaci\u00f3n M\u00e9dicos Canarios &#8211; EUNOIA.<\/p>\n<p>&nbsp;<\/p>\n<p>El objetivo principal es el de proporcionar al p\u00fablico asistente una serie de recursos que sirvan para la reflexi\u00f3n en relaci\u00f3n con el tema referido y que permita, al mismo tiempo, acceder a una orientaci\u00f3n novedosa que ayude a abordar el final de la vida desde una perspectiva diferente a la que normalmente est\u00e1 presente en la sociedad actual y fundamentada en conocimientos biol\u00f3gicos y m\u00e9dicos de vanguardia, muchos de ellos en pleno desarrollo y en las fronteras de la ciencia actual.<\/p>\n<p>Este evento est\u00e1 abierto a todos los p\u00fablicos, dentro de la programaci\u00f3n formativa gratuita que ofrece el COBCAN a toda la sociedad canaria sobre las actividades profesionales de la Biolog\u00eda.<\/p>\n<p>&nbsp;<\/p>\n<p>El webinar estar\u00e1 abierto a preguntas, se retransmitir\u00e1 en directo a trav\u00e9s de Zoom, tendr\u00e1 una duraci\u00f3n de 1,5 horas (90 minutos) aproximadamente.<\/p>\n<p>&nbsp;<\/p>\n<p><u>Ponentes y temas a tratar:<\/u><\/p>\n<ul>\n<li><strong>\u00abMetabolismo del final de la vida\u00bb<\/strong>, impartido por D. Mat\u00edas Fonte-Padilla, bi\u00f3logo y decano del COBCAN.<\/li>\n<li><strong>\u00abBio\u00e9tica y aspectos relacionados con la medicina legal al final de la vida\u00bb<\/strong>, impartido por Dr. D. Fernando Guill\u00e9n Pino.<\/li>\n<li><strong>\u00abVivir todo el proceso: desde el nacimiento hasta el final del ciclo de la vida\u00bb<\/strong>, impartido por Dr. D. Alfredo Mart\u00edn S\u00e1nchez.<\/li>\n<li><strong>\u00abEl final del ser humano y la muerte del cuerpo f\u00edsico: una aproximaci\u00f3n desde las neurociencias al final de la vida\u00bb<\/strong>, impartido por el Prof. Dr. D. Sergio M. Mart\u00ednez Aguilar.<\/li>\n<\/ul>\n<p>&nbsp;<\/p>\n<p>Para recibir el enlace al webinar es necesario rellenar un formulario de inscripci\u00f3n. Para acceder al formulario pulse el bot\u00f3n verde \u00ab<strong>Inscripci\u00f3n<\/strong>\u00ab.<\/p>\n<p>Es maravilloso trabajar en todas las profesiones de la Biolog\u00eda. Por un mundo mejor.<\/p>\n<p>Biolog\u00eda, Ciencias Ambientales, Ciencias del Mar, Biotecnolog\u00eda, Bioqu\u00edmica, Gen\u00e9tica, Ecolog\u00eda, Zoolog\u00eda, Etolog\u00eda, Paleontolog\u00eda, Bot\u00e1nica, Biolog\u00eda Sanitaria, Tecnolog\u00eda de los Alimentos, Nutrici\u00f3n y Diet\u00e9tica, Microbiolog\u00eda, Biolog\u00eda marina, Biolog\u00eda forense, Biolog\u00eda social, Astrobiolog\u00eda y otras.<\/p>\n<p>Pincha aqu\u00ed:\u00a0 <a href=\"https:\/\/docs.google.com\/forms\/d\/e\/1FAIpQLSe2V-6PcsSI0oDBMSNGvP0U2njGnyNjqKmcEICpF6gC-H9F4Q\/viewform\" target=\"_blank\" rel=\"noopener\">INSCRIPCI\u00d3N<\/a><\/p>","protected":false},"excerpt":{"rendered":"<p>El jueves 30 de octubre de 2025, desde las 18:30  [&#8230;]<\/p>\n","protected":false},"author":3,"featured_media":4550,"comment_status":"closed","ping_status":"closed","sticky":false,"template":"","format":"standard","meta":{"iawp_total_views":14,"footnotes":""},"categories":[69,70],"tags":[],"class_list":["post-4549","post","type-post","status-publish","format-standard","has-post-thumbnail","hentry","category-formacion","category-sanidad"],"_links":{"self":[{"href":"https:\/\/cobandalucia.org\/en\/wp-json\/wp\/v2\/posts\/4549","targetHints":{"allow":["GET"]}}],"collection":[{"href":"https:\/\/cobandalucia.org\/en\/wp-json\/wp\/v2\/posts"}],"about":[{"href":"https:\/\/cobandalucia.org\/en\/wp-json\/wp\/v2\/types\/post"}],"author":[{"embeddable":true,"href":"https:\/\/cobandalucia.org\/en\/wp-json\/wp\/v2\/users\/3"}],"replies":[{"embeddable":true,"href":"https:\/\/cobandalucia.org\/en\/wp-json\/wp\/v2\/comments?post=4549"}],"version-history":[{"count":1,"href":"https:\/\/cobandalucia.org\/en\/wp-json\/wp\/v2\/posts\/4549\/revisions"}],"predecessor-version":[{"id":4551,"href":"https:\/\/cobandalucia.org\/en\/wp-json\/wp\/v2\/posts\/4549\/revisions\/4551"}],"wp:featuredmedia":[{"embeddable":true,"href":"https:\/\/cobandalucia.org\/en\/wp-json\/wp\/v2\/media\/4550"}],"wp:attachment":[{"href":"https:\/\/cobandalucia.org\/en\/wp-json\/wp\/v2\/media?parent=4549"}],"wp:term":[{"taxonomy":"category","embeddable":true,"href":"https:\/\/cobandalucia.org\/en\/wp-json\/wp\/v2\/categories?post=4549"},{"taxonomy":"post_tag","embeddable":true,"href":"https:\/\/cobandalucia.org\/en\/wp-json\/wp\/v2\/tags?post=4549"}],"curies":[{"name":"wp","href":"https:\/\/api.w.org\/{rel}","templated":true}]}}