{"id":4579,"date":"2025-11-19T16:27:48","date_gmt":"2025-11-19T16:27:48","guid":{"rendered":"https:\/\/cobandalucia.org\/?p=4579"},"modified":"2025-11-19T16:27:48","modified_gmt":"2025-11-19T16:27:48","slug":"jornada-sobre-la-infraestructura-verde-de-andalucia","status":"publish","type":"post","link":"https:\/\/cobandalucia.org\/en\/jornada-sobre-la-infraestructura-verde-de-andalucia\/","title":{"rendered":"JORNADA SOBRE LA INFRAESTRUCTURA VERDE DE ANDALUC\u00cdA"},"content":{"rendered":"<p>Hoy miercoles 19 de noviembre, el COBA ha participado en la Mesa Redonda de la<\/p>\n<p>JORNADA SOBRE LA INFRAESTRUCTURA VERDE DE ANDALUC\u00cdA,<\/p>\n<p>organizado por el QUORUM IVU ANDALUC\u00cdA y la Consejer\u00eda de Sostenibilidad y Medio Ambiente de la JUNTA DE ANDALUCIA. El acto ha tenido lugar en el Sal\u00f3n de Actos de la Consejer\u00eda de Sostenibilidad y Medio Ambiente y ha contado tambi\u00e9n con la participaci\u00f3n de Consejer\u00eda<br \/>\nde Fomento, Articulaci\u00f3n del Territorio y Vivienda y la Consejer\u00eda Sanidad, Presidencia y Emergencias.<\/p>\n<p>Agradecer al QUORUM IVU ANDALUC\u00cdA la invitaci\u00f3n a participar en la Jornada y exponer las inquietudes de l@s Bi\u00f3log@s en el desarrollo e implantaci\u00f3n de esta infraestructura.<\/p>","protected":false},"excerpt":{"rendered":"<p>Hoy miercoles 19 de noviembre, el COBA ha participado en  [&#8230;]<\/p>\n","protected":false},"author":3,"featured_media":4580,"comment_status":"closed","ping_status":"closed","sticky":false,"template":"","format":"standard","meta":{"iawp_total_views":26,"footnotes":""},"categories":[68,72],"tags":[],"class_list":["post-4579","post","type-post","status-publish","format-standard","has-post-thumbnail","hentry","category-jornadas-y-asambleas","category-medio-ambiente"],"_links":{"self":[{"href":"https:\/\/cobandalucia.org\/en\/wp-json\/wp\/v2\/posts\/4579","targetHints":{"allow":["GET"]}}],"collection":[{"href":"https:\/\/cobandalucia.org\/en\/wp-json\/wp\/v2\/posts"}],"about":[{"href":"https:\/\/cobandalucia.org\/en\/wp-json\/wp\/v2\/types\/post"}],"author":[{"embeddable":true,"href":"https:\/\/cobandalucia.org\/en\/wp-json\/wp\/v2\/users\/3"}],"replies":[{"embeddable":true,"href":"https:\/\/cobandalucia.org\/en\/wp-json\/wp\/v2\/comments?post=4579"}],"version-history":[{"count":2,"href":"https:\/\/cobandalucia.org\/en\/wp-json\/wp\/v2\/posts\/4579\/revisions"}],"predecessor-version":[{"id":4727,"href":"https:\/\/cobandalucia.org\/en\/wp-json\/wp\/v2\/posts\/4579\/revisions\/4727"}],"wp:featuredmedia":[{"embeddable":true,"href":"https:\/\/cobandalucia.org\/en\/wp-json\/wp\/v2\/media\/4580"}],"wp:attachment":[{"href":"https:\/\/cobandalucia.org\/en\/wp-json\/wp\/v2\/media?parent=4579"}],"wp:term":[{"taxonomy":"category","embeddable":true,"href":"https:\/\/cobandalucia.org\/en\/wp-json\/wp\/v2\/categories?post=4579"},{"taxonomy":"post_tag","embeddable":true,"href":"https:\/\/cobandalucia.org\/en\/wp-json\/wp\/v2\/tags?post=4579"}],"curies":[{"name":"wp","href":"https:\/\/api.w.org\/{rel}","templated":true}]}}