{"id":4584,"date":"2025-11-25T09:50:04","date_gmt":"2025-11-25T09:50:04","guid":{"rendered":"https:\/\/cobandalucia.org\/?p=4584"},"modified":"2025-11-25T09:50:04","modified_gmt":"2025-11-25T09:50:04","slug":"formacion-en-curso-para-oposiciones-de-fp-especialidad-procesos-diagnostico-clinico-y-productos-ortoprotesicos","status":"publish","type":"post","link":"https:\/\/cobandalucia.org\/en\/formacion-en-curso-para-oposiciones-de-fp-especialidad-procesos-diagnostico-clinico-y-productos-ortoprotesicos\/","title":{"rendered":"Formaci\u00f3n en curso para oposiciones de FP \u2013 Especialidad Procesos Diagn\u00f3stico Cl\u00ednico y Productos Ortoprot\u00e9sicos"},"content":{"rendered":"<p>Estimados\/as colegiados\/as:<\/p>\n<p>Mi nombre es Jos\u00e9 Manuel Falc\u00f3n Ramos, colegiado del COBA y \u00a0en la actualidad estamos desarrollando una formaci\u00f3n espec\u00edfica orientada a la preparaci\u00f3n del proceso selectivo para el cuerpo de profesores de Formaci\u00f3n Profesional en la especialidad de Procesos Diagn\u00f3stico Cl\u00ednico y Productos Ortoprot\u00e9sicos.<\/p>\n<p>Se trata de un curso dise\u00f1ado para profesionales del \u00e1mbito biosanitario que desean acceder a la docencia en FP con una preparaci\u00f3n s\u00f3lida, realista y ajustada a las exigencias del tribunal. La formaci\u00f3n dio comienzo en el mes de octubre y se prolongar\u00e1 hasta mayo, con sesiones presenciales todos los <strong>viernes<\/strong> en horario de<\/p>\n<p><strong>17:00 a 19:30 horas<\/strong> en las sedes del COBA (Avda. San Francisco Javier, Edificio Sevilla2 &#8211; Sevilla).<\/p>\n<p>A lo largo del curso se abordan de forma pr\u00e1ctica y aplicada los principales bloques del proceso selectivo, incluyendo:<\/p>\n<ul>\n<li>Resoluci\u00f3n guiada de casos pr\u00e1cticos propios de la especialidad.<\/li>\n<li>Elaboraci\u00f3n y estructuraci\u00f3n de la Programaci\u00f3n Did\u00e1ctica.<\/li>\n<li>Desarrollo de Unidades Did\u00e1cticas adaptadas al contexto real de la FP.<\/li>\n<\/ul>\n<p>El enfoque combina el rigor t\u00e9cnico con una clara orientaci\u00f3n pedag\u00f3gica, facilitando que el alumnado no s\u00f3lo domine los contenidos, sino que sepa justificarlos, defenderlos y contextualizarlos adecuadamente.<\/p>\n<p>El precio de la formaci\u00f3n es de 130 euros, e incluye todos los materiales y el acompa\u00f1amiento docente a lo largo del curso.<\/p>\n<p>De forma opcional, el alumnado puede acceder tambi\u00e9n al temario completo por un suplemento de 20 euros mensuales.<\/p>\n<p>Consideramos que esta propuesta puede resultar de especial inter\u00e9s para aquellos bi\u00f3logos y bi\u00f3logas con perfil sanitario que est\u00e9n valorando presentarse a futuras convocatorias o que deseen reforzar su preparaci\u00f3n desde una perspectiva pr\u00e1ctica.<\/p>\n<p>&nbsp;<\/p>\n<p>Quedamos a su disposici\u00f3n para ampliar informaci\u00f3n o formalizar la inscripci\u00f3n de nuevos participantes.<\/p>\n<p>&nbsp;<\/p>\n<p>Reciban un cordial saludo,<\/p>\n<p><strong>Jos\u00e9 Manuel Falc\u00f3n Ramos &#8211; 608 74 79 03<\/strong><\/p>\n<p><strong><a href=\"mailto:josfalram@gmail.com\">josfalram@gmail.com<\/a><\/strong><\/p>\n<p>&nbsp;<\/p>","protected":false},"excerpt":{"rendered":"<p>Estimados\/as colegiados\/as: Mi nombre es Jos\u00e9 Manuel Falc\u00f3n Ramos, colegiado  [&#8230;]<\/p>\n","protected":false},"author":3,"featured_media":2854,"comment_status":"closed","ping_status":"closed","sticky":false,"template":"","format":"standard","meta":{"iawp_total_views":68,"footnotes":""},"categories":[69,70],"tags":[],"class_list":["post-4584","post","type-post","status-publish","format-standard","has-post-thumbnail","hentry","category-formacion","category-sanidad"],"_links":{"self":[{"href":"https:\/\/cobandalucia.org\/en\/wp-json\/wp\/v2\/posts\/4584","targetHints":{"allow":["GET"]}}],"collection":[{"href":"https:\/\/cobandalucia.org\/en\/wp-json\/wp\/v2\/posts"}],"about":[{"href":"https:\/\/cobandalucia.org\/en\/wp-json\/wp\/v2\/types\/post"}],"author":[{"embeddable":true,"href":"https:\/\/cobandalucia.org\/en\/wp-json\/wp\/v2\/users\/3"}],"replies":[{"embeddable":true,"href":"https:\/\/cobandalucia.org\/en\/wp-json\/wp\/v2\/comments?post=4584"}],"version-history":[{"count":2,"href":"https:\/\/cobandalucia.org\/en\/wp-json\/wp\/v2\/posts\/4584\/revisions"}],"predecessor-version":[{"id":4586,"href":"https:\/\/cobandalucia.org\/en\/wp-json\/wp\/v2\/posts\/4584\/revisions\/4586"}],"wp:featuredmedia":[{"embeddable":true,"href":"https:\/\/cobandalucia.org\/en\/wp-json\/wp\/v2\/media\/2854"}],"wp:attachment":[{"href":"https:\/\/cobandalucia.org\/en\/wp-json\/wp\/v2\/media?parent=4584"}],"wp:term":[{"taxonomy":"category","embeddable":true,"href":"https:\/\/cobandalucia.org\/en\/wp-json\/wp\/v2\/categories?post=4584"},{"taxonomy":"post_tag","embeddable":true,"href":"https:\/\/cobandalucia.org\/en\/wp-json\/wp\/v2\/tags?post=4584"}],"curies":[{"name":"wp","href":"https:\/\/api.w.org\/{rel}","templated":true}]}}