{"id":4596,"date":"2025-12-10T16:22:00","date_gmt":"2025-12-10T16:22:00","guid":{"rendered":"https:\/\/cobandalucia.org\/?p=4596"},"modified":"2025-12-10T16:22:00","modified_gmt":"2025-12-10T16:22:00","slug":"iii-edicion-del-congreso-nacional-one-health","status":"publish","type":"post","link":"https:\/\/cobandalucia.org\/en\/iii-edicion-del-congreso-nacional-one-health\/","title":{"rendered":"III edici\u00f3n del Congreso Nacional One Health"},"content":{"rendered":"<p class=\"x_MsoNormal\" data-olk-copy-source=\"MessageBody\">Nos complace anunciaros la celebraci\u00f3n de la\u00a0<b>III edici\u00f3n del Congreso Nacional One Health<\/b>, que bajo el lema\u00a0<b><i>One Health en acci\u00f3n: conectando ideas, personas y soluciones<\/i><\/b>, se celebrar\u00e1 los\u00a0<b>d\u00edas 27, 28 y 29 de mayo de 2026 en el Instituto de Salud Carlos III<\/b>\u00a0(en campus de Majadahonda). La celebraci\u00f3n del congreso en el centro de referencia en investigaci\u00f3n biom\u00e9dica y salud p\u00fablica de nuestro pa\u00eds avala la relevancia de la labor que estamos desarrollando desde nuestra asociaci\u00f3n para trasladar a la realidad el enfoque One Health, conectando la evidencia cient\u00edfica y la agenda pol\u00edtica.<\/p>\n<p class=\"x_MsoNormal\" aria-hidden=\"true\">\n<p class=\"x_MsoNormal\">Ten\u00e9is m\u00e1s detalles en la noticia que han publicado en la web \u00a0<a title=\"https:\/\/onehealthplataforma.es\/la-plataforma-one-health-en-colaboracion-con-el-isciii-anuncia-la-celebracion-del-iii-congreso-nacional-one-health\" href=\"https:\/\/onehealthplataforma.es\/la-plataforma-one-health-en-colaboracion-con-el-isciii-anuncia-la-celebracion-del-iii-congreso-nacional-one-health\" target=\"_blank\" rel=\"noopener noreferrer\" data-auth=\"NotApplicable\" data-linkindex=\"0\">https:\/\/onehealthplataforma.es\/la-plataforma-one-health-en-colaboracion-con-el-isciii-anuncia-la-celebracion-del-iii-congreso-nacional-one-health<\/a><\/p>\n<p class=\"x_MsoNormal\" aria-hidden=\"true\">\n<p class=\"x_MsoNormal\">Aprovechamos para comunicaros que uno de los momentos clave de esta edici\u00f3n del congreso ser\u00e1 la presentaci\u00f3n de la\u00a0<b><i>Gu\u00eda de implementaci\u00f3n del Enfoque One Health en todas las pol\u00edticas<\/i><\/b>\u00a0que est\u00e1 siendo elaborada por el grupo multidisciplinar\u00a0<i><u>Del documento vivo al consenso operativo<\/u><\/i><u>,<\/u> impulsado desde la junta directiva de la POH. El objetivo de este grupo, que re\u00fane a expertos de la salud humana, animal, ambiental, la investigaci\u00f3n, el tercer sector y la acci\u00f3n p\u00fablica, es elaborar un documento con aspectos clave que contribuyan a acelerar la plasmaci\u00f3n del enfoque One Health en las pol\u00edticas p\u00fablicas y avanzar en la construcci\u00f3n de una gobernanza intersectorial que ponga en el centro la Salud. Este grupo de trabajo est\u00e1 formado por profesionales de reconocido prestigio y amplia experiencia en sus respectivas \u00e1reas, y entre ellos contamos por ejemplo con la participaci\u00f3n de Pablo Sagredo, de la Oficina de Europa del Programa de las Naciones Unidas para el Medio Ambiente (PNUMA), Jeannette Bain subdirectora del \u00c1rea de Pol\u00edticas P\u00fablicas de ECODES, Javier Fern\u00e1ndez del \u00e1rea de Salud de Cruz Roja Espa\u00f1ola o Raquel S\u00e1nchez, vicepresidenta segunda del Foro Espa\u00f1ol de Pacientes. El pasado 21 de noviembre dieron el primer paso para la elaboraci\u00f3n de esta gu\u00eda, con la celebraci\u00f3n del workshop colaborativo que tuvo lugar en las oficinas de Harmon, socio estrat\u00e9gico de la POH que dio apoyo tanto en el dise\u00f1o de este encuentro como en la organizaci\u00f3n de la jornada.<\/p>","protected":false},"excerpt":{"rendered":"<p>Nos complace anunciaros la celebraci\u00f3n de la\u00a0III edici\u00f3n del Congreso  [&#8230;]<\/p>\n","protected":false},"author":3,"featured_media":4597,"comment_status":"closed","ping_status":"closed","sticky":false,"template":"","format":"standard","meta":{"iawp_total_views":50,"footnotes":""},"categories":[74,68,70,75],"tags":[],"class_list":["post-4596","post","type-post","status-publish","format-standard","has-post-thumbnail","hentry","category-biotecnologia","category-jornadas-y-asambleas","category-sanidad","category-universidad-e-investigacion"],"_links":{"self":[{"href":"https:\/\/cobandalucia.org\/en\/wp-json\/wp\/v2\/posts\/4596","targetHints":{"allow":["GET"]}}],"collection":[{"href":"https:\/\/cobandalucia.org\/en\/wp-json\/wp\/v2\/posts"}],"about":[{"href":"https:\/\/cobandalucia.org\/en\/wp-json\/wp\/v2\/types\/post"}],"author":[{"embeddable":true,"href":"https:\/\/cobandalucia.org\/en\/wp-json\/wp\/v2\/users\/3"}],"replies":[{"embeddable":true,"href":"https:\/\/cobandalucia.org\/en\/wp-json\/wp\/v2\/comments?post=4596"}],"version-history":[{"count":1,"href":"https:\/\/cobandalucia.org\/en\/wp-json\/wp\/v2\/posts\/4596\/revisions"}],"predecessor-version":[{"id":4598,"href":"https:\/\/cobandalucia.org\/en\/wp-json\/wp\/v2\/posts\/4596\/revisions\/4598"}],"wp:featuredmedia":[{"embeddable":true,"href":"https:\/\/cobandalucia.org\/en\/wp-json\/wp\/v2\/media\/4597"}],"wp:attachment":[{"href":"https:\/\/cobandalucia.org\/en\/wp-json\/wp\/v2\/media?parent=4596"}],"wp:term":[{"taxonomy":"category","embeddable":true,"href":"https:\/\/cobandalucia.org\/en\/wp-json\/wp\/v2\/categories?post=4596"},{"taxonomy":"post_tag","embeddable":true,"href":"https:\/\/cobandalucia.org\/en\/wp-json\/wp\/v2\/tags?post=4596"}],"curies":[{"name":"wp","href":"https:\/\/api.w.org\/{rel}","templated":true}]}}