{"id":4627,"date":"2026-01-16T08:08:29","date_gmt":"2026-01-16T08:08:29","guid":{"rendered":"https:\/\/cobandalucia.org\/?p=4627"},"modified":"2026-01-16T08:08:29","modified_gmt":"2026-01-16T08:08:29","slug":"el-coba-comparece-en-el-parlamento-de-andalucia-por-la-nueva-ley-de-gestion-ambiental-de-andalucia","status":"publish","type":"post","link":"https:\/\/cobandalucia.org\/en\/el-coba-comparece-en-el-parlamento-de-andalucia-por-la-nueva-ley-de-gestion-ambiental-de-andalucia\/","title":{"rendered":"EL COBA COMPARECE EN EL PARLAMENTO DE ANDALUCIA POR LA NUEVA LEY DE GESTI\u00d3N AMBIENTAL DE ANDALUC\u00cdA"},"content":{"rendered":"<p>El Colegio Oficial de Bi\u00f3logos de Andaluc\u00eda ha comparecido hoy ante la Comisi\u00f3n de Medio Ambiente del Parlamento andaluz para proponer enmiendas parciales al Proyecto de Ley de Gesti\u00f3n Ambiental de Andaluc\u00eda que se est\u00e1 tramitando actualmente, que vendr\u00e1 a sustituir a la actual Ley GICA, y que constituir\u00e1 una pieza clave en el ordenamiento jur\u00eddico de nuestra comunidad aut\u00f3noma, siendo la norma m\u00e1s importante en materia ambiental que nos regir\u00e1 a partir de su aprobaci\u00f3n.<\/p>\n<p>&nbsp;<\/p>\n<p>En la comparecencia hemos reconocido el avance que supone esta norma en cuanto a la agilizaci\u00f3n de las tramitaciones administrativas en materia ambiental, con la ampliaci\u00f3n clave del papel de las entidades colaboradoras. Pero tambi\u00e9n hemos mostrado nuestra preocupaci\u00f3n por el mayor peso que en materia de prevenci\u00f3n, vigilancia y control ambiental tiene la administraci\u00f3n local, sin tener asegurados los recursos necesarios para tal fin. Adem\u00e1s, hemos mostrado nuestras reticencias a desligar la gesti\u00f3n del recurso agua del resto de recursos cuya gesti\u00f3n s\u00ed ampara la norma. Por otro lado, nos hemos congratulado de la creaci\u00f3n del Consejo Asesor de Medio Ambiente y de las entidades Conveniadas, en donde vemos una oportunidad de que el Colegio de Bi\u00f3logos colabore con la Administraci\u00f3n ambiental para aportar a la sociedad como colectivo fiable, con visi\u00f3n integrada de la realidad, y siempre con vocaci\u00f3n de servicio p\u00fablico.<\/p>\n<p>&nbsp;<\/p>\n<p>Para finalizar, hemos solicitado que se estudie la integraci\u00f3n en la norma de la figura de la Licencia Social de proyectos, planes y programas, como figura garante de que las actuaciones sean autorizadas con la aceptaci\u00f3n social, evitando as\u00ed que los procesos administrativos de autorizaci\u00f3n ambiental puedan derivar en procesos judiciales que no benefician a nadie.<\/p>","protected":false},"excerpt":{"rendered":"<p>El Colegio Oficial de Bi\u00f3logos de Andaluc\u00eda ha comparecido hoy  [&#8230;]<\/p>\n","protected":false},"author":3,"featured_media":4628,"comment_status":"closed","ping_status":"closed","sticky":false,"template":"","format":"standard","meta":{"iawp_total_views":24,"footnotes":""},"categories":[72],"tags":[],"class_list":["post-4627","post","type-post","status-publish","format-standard","has-post-thumbnail","hentry","category-medio-ambiente"],"_links":{"self":[{"href":"https:\/\/cobandalucia.org\/en\/wp-json\/wp\/v2\/posts\/4627","targetHints":{"allow":["GET"]}}],"collection":[{"href":"https:\/\/cobandalucia.org\/en\/wp-json\/wp\/v2\/posts"}],"about":[{"href":"https:\/\/cobandalucia.org\/en\/wp-json\/wp\/v2\/types\/post"}],"author":[{"embeddable":true,"href":"https:\/\/cobandalucia.org\/en\/wp-json\/wp\/v2\/users\/3"}],"replies":[{"embeddable":true,"href":"https:\/\/cobandalucia.org\/en\/wp-json\/wp\/v2\/comments?post=4627"}],"version-history":[{"count":1,"href":"https:\/\/cobandalucia.org\/en\/wp-json\/wp\/v2\/posts\/4627\/revisions"}],"predecessor-version":[{"id":4629,"href":"https:\/\/cobandalucia.org\/en\/wp-json\/wp\/v2\/posts\/4627\/revisions\/4629"}],"wp:featuredmedia":[{"embeddable":true,"href":"https:\/\/cobandalucia.org\/en\/wp-json\/wp\/v2\/media\/4628"}],"wp:attachment":[{"href":"https:\/\/cobandalucia.org\/en\/wp-json\/wp\/v2\/media?parent=4627"}],"wp:term":[{"taxonomy":"category","embeddable":true,"href":"https:\/\/cobandalucia.org\/en\/wp-json\/wp\/v2\/categories?post=4627"},{"taxonomy":"post_tag","embeddable":true,"href":"https:\/\/cobandalucia.org\/en\/wp-json\/wp\/v2\/tags?post=4627"}],"curies":[{"name":"wp","href":"https:\/\/api.w.org\/{rel}","templated":true}]}}