{"id":4639,"date":"2026-01-20T11:56:18","date_gmt":"2026-01-20T11:56:18","guid":{"rendered":"https:\/\/cobandalucia.org\/?p=4639"},"modified":"2026-01-20T11:58:58","modified_gmt":"2026-01-20T11:58:58","slug":"proximos-seminarios-web-del-cobe","status":"publish","type":"post","link":"https:\/\/cobandalucia.org\/en\/proximos-seminarios-web-del-cobe\/","title":{"rendered":"Pr\u00f3ximos Seminarios Web del COBE"},"content":{"rendered":"<table width=\"100%\">\n<tbody>\n<tr>\n<td colspan=\"2\" width=\"100\"><strong>SEMINARIOS WEB\/ WEB MINTEGIAK<\/strong><\/td>\n<\/tr>\n<tr>\n<td width=\"100\"><\/td>\n<td>\n<h4><a href=\"https:\/\/l4zxgg26.r.eu-west-1.awstrack.me\/L0\/https:%2F%2Fcobeus.e-gestion.es%2Feventos%2F20260001\/1\/0102019bbd28d2f2-ef190aab-8303-42ff-a291-340d7feb15b5-000000\/3sYdkEXYXmWOfbbYU2lhRhtNTdw=461\" target=\"_blank\" rel=\"noopener\">LA VALENT\u00cdA DE HACER LO QUE NADIE ESPERABA: MUJERES QUE CAMBIARON LA CIENCIA<\/a><\/h4>\n<p><strong>Fecha\/Data:<\/strong>\u00a026\u00a0de enero\u00a02026, lunes \/2026ko urtarrilaren 26an, astelehena.<\/p>\n<p><strong>Hora\/Ordua:<\/strong>\u00a018:00\u00a0&#8211;\u00a019:00 h<\/p>\n<p><strong>Ponente:<\/strong>\u00a0\u00a0<strong>Mireia Querol Rovira.\u00a0<\/strong>Bi\u00f3loga, divulgadora cient\u00edfica y educadora ambiental con m\u00e1s de 20 a\u00f1os de experiencia en divulgaci\u00f3n y proyectos cient\u00edficos y educativos.\u00a0Es fundadora de Biologueando, un proyecto que une ciencia y emoci\u00f3n para reflexionar sobre nuestra relaci\u00f3n con la naturaleza, la ciencia y las decisiones vitales.<\/p>\n<p><strong>Descripci\u00f3n:<\/strong><\/p>\n<p>A trav\u00e9s del recorrido profesional de la ponente y de las historias de mujeres cient\u00edficas como Marie Curie, Jane Goodall, Josefina Castellv\u00ed o Sara Garc\u00eda Alonso, esta charla aborda c\u00f3mo afrontar el cambio, la incertidumbre y las dificultades desde la curiosidad, la perseverancia y el apoyo mutuo.<\/p>\n<p>Reflexionaremos sobre la vocaci\u00f3n, las trayectorias no lineales y las m\u00faltiples formas de ejercer la biolog\u00eda, m\u00e1s all\u00e1 de los caminos acad\u00e9micos tradicionales.<\/p>\n<p>Una mirada inspiradora y rigurosa sobre la ciencia, la vida y la posibilidad de reescribir el propio recorrido profesional.<\/p>\n<p><strong>Dirigido a: <\/strong>Estudiantes y titulados\/as en biociencias, o cualquier otra persona con inquietud en reorientar o cambiar su trayectoria profesional.<\/p>\n<p>M\u00e1s informaci\u00f3n en el siguiente\u00a0<a href=\"https:\/\/l4zxgg26.r.eu-west-1.awstrack.me\/L0\/https:%2F%2Fcobeus.e-gestion.es%2Feventos%2F20260001\/2\/0102019bbd28d2f2-ef190aab-8303-42ff-a291-340d7feb15b5-000000\/6AJuDLBtqmCW3bZgUFP4QE8UBO8=461\" target=\"_blank\" rel=\"noopener\"><strong>ENLACE<\/strong><\/a><\/p>\n<p><em>\u00a0<\/em><strong>Imprescindible inscripci\u00f3n (gratuita)\/ Derrigorrezko izenematea (dohainik):\u00a0<\/strong><a href=\"https:\/\/l4zxgg26.r.eu-west-1.awstrack.me\/L0\/https:%2F%2Fus06web.zoom.us%2Fmeeting%2Fregister%2FrVBiFguORTaBAdLeiH_qSA\/1\/0102019bbd28d2f2-ef190aab-8303-42ff-a291-340d7feb15b5-000000\/QicBmQry1ck2X1aQ_17iGGYpQ1Y=461\" target=\"_blank\" rel=\"noopener\"><strong>FORMULARIO<\/strong><\/a><\/td>\n<\/tr>\n<tr>\n<td width=\"100\">&nbsp;<\/p>\n<p>&nbsp;<\/td>\n<td>&nbsp;<\/p>\n<h4><strong><a href=\"https:\/\/l4zxgg26.r.eu-west-1.awstrack.me\/L0\/https:%2F%2Fcobeus.e-gestion.es%2Feventos%2F20260003\/1\/0102019bbd28d2f2-ef190aab-8303-42ff-a291-340d7feb15b5-000000\/05iemyDD8rV79sP_C8PfSecgSWo=461\" target=\"_blank\" rel=\"noopener\">SALUD DE PRECISI\u00d3N: INTEGRACI\u00d3N DE GEN\u00d3MICA Y MICROBIOMA EN EL ESTILO DE VIDA<\/a><\/strong><\/h4>\n<p><strong>Fecha\/Data:<\/strong>\u00a02 de febrero\u00a02026, lunes\u00a0\/2026ko\u00a0otsailaren 2an, astelehena.<\/p>\n<p><strong>Hora\/Ordua:<\/strong>\u00a018:00 &#8211;\u00a019:00 h<\/p>\n<p><strong>Ponente:<\/strong>\u00a0\u00a0<strong>Adri\u00e1n Odriozola Mart\u00ednez (col. 2253).<\/strong> Profesor de Gen\u00e9tica de la Universidad del Pa\u00eds Vasco (UPV(EHU). Investigador Principal de Hologenomiks Research Group.<\/p>\n<p><strong>Descripci\u00f3n:<\/strong><\/p>\n<p>La variabilidad interindividual exige superar las pautas gen\u00e9ricas para adoptar un enfoque de <strong>Salud de Precisi\u00f3n<\/strong> que integre la visi\u00f3n evolutiva: la interacci\u00f3n entre nuestro genoma, el microbioma y el entorno moderno.<\/p>\n<p>En este seminario web debatiremos sobre las aplicaciones pr\u00e1cticas de los biomarcadores gen\u00f3micos y metagen\u00f3micos para personalizar la nutrici\u00f3n, la actividad f\u00edsica y el descanso.<\/p>\n<p>Adem\u00e1s, analizaremos el potencial de estas herramientas para dise\u00f1ar estrategias que optimicen la fisiolog\u00eda humana, los ritmos circadianos y prevengan la disfunci\u00f3n metab\u00f3lica.<\/p>\n<p><strong>Dirigido a: <\/strong>Estudiantes, titulados\/as en Biociencias o cualquier persona interesada en conocer el papel de la gen\u00e9tica y el microbioma\u00a0en el estilo de vida.<\/p>\n<p>M\u00e1s informaci\u00f3n en el siguiente\u00a0<a href=\"https:\/\/l4zxgg26.r.eu-west-1.awstrack.me\/L0\/https:%2F%2Fcobeus.e-gestion.es%2Feventos%2F20260003\/2\/0102019bbd28d2f2-ef190aab-8303-42ff-a291-340d7feb15b5-000000\/a_bxTGUYa65Qzb42RAwXUYxkezg=461\" target=\"_blank\" rel=\"noopener\"><strong>ENLACE<\/strong><\/a><\/p>\n<p><em>\u00a0<\/em><strong>Imprescindible inscripci\u00f3n (gratuita)\/ Derrigorrezko izenematea (dohainik):\u00a0<\/strong><a href=\"https:\/\/l4zxgg26.r.eu-west-1.awstrack.me\/L0\/https:%2F%2Fus06web.zoom.us%2Fmeeting%2Fregister%2FPxARWOiFSbip4GZmsoXiKQ\/1\/0102019bbd28d2f2-ef190aab-8303-42ff-a291-340d7feb15b5-000000\/HvckYP9826cEScfCbVpz91F5O4I=461\" target=\"_blank\" rel=\"noopener\"><strong>FORMULARIO<\/strong><\/a><\/td>\n<\/tr>\n<\/tbody>\n<\/table>","protected":false},"excerpt":{"rendered":"<p>SEMINARIOS WEB\/ WEB MINTEGIAK LA VALENT\u00cdA DE HACER LO QUE  [&#8230;]<\/p>\n","protected":false},"author":3,"featured_media":4640,"comment_status":"closed","ping_status":"closed","sticky":false,"template":"","format":"standard","meta":{"iawp_total_views":11,"footnotes":""},"categories":[69,70],"tags":[],"class_list":["post-4639","post","type-post","status-publish","format-standard","has-post-thumbnail","hentry","category-formacion","category-sanidad"],"_links":{"self":[{"href":"https:\/\/cobandalucia.org\/en\/wp-json\/wp\/v2\/posts\/4639","targetHints":{"allow":["GET"]}}],"collection":[{"href":"https:\/\/cobandalucia.org\/en\/wp-json\/wp\/v2\/posts"}],"about":[{"href":"https:\/\/cobandalucia.org\/en\/wp-json\/wp\/v2\/types\/post"}],"author":[{"embeddable":true,"href":"https:\/\/cobandalucia.org\/en\/wp-json\/wp\/v2\/users\/3"}],"replies":[{"embeddable":true,"href":"https:\/\/cobandalucia.org\/en\/wp-json\/wp\/v2\/comments?post=4639"}],"version-history":[{"count":3,"href":"https:\/\/cobandalucia.org\/en\/wp-json\/wp\/v2\/posts\/4639\/revisions"}],"predecessor-version":[{"id":4643,"href":"https:\/\/cobandalucia.org\/en\/wp-json\/wp\/v2\/posts\/4639\/revisions\/4643"}],"wp:featuredmedia":[{"embeddable":true,"href":"https:\/\/cobandalucia.org\/en\/wp-json\/wp\/v2\/media\/4640"}],"wp:attachment":[{"href":"https:\/\/cobandalucia.org\/en\/wp-json\/wp\/v2\/media?parent=4639"}],"wp:term":[{"taxonomy":"category","embeddable":true,"href":"https:\/\/cobandalucia.org\/en\/wp-json\/wp\/v2\/categories?post=4639"},{"taxonomy":"post_tag","embeddable":true,"href":"https:\/\/cobandalucia.org\/en\/wp-json\/wp\/v2\/tags?post=4639"}],"curies":[{"name":"wp","href":"https:\/\/api.w.org\/{rel}","templated":true}]}}