{"id":4868,"date":"2026-04-28T10:29:51","date_gmt":"2026-04-28T10:29:51","guid":{"rendered":"https:\/\/cobandalucia.org\/?p=4868"},"modified":"2026-04-28T10:30:21","modified_gmt":"2026-04-28T10:30:21","slug":"reunion-decana-y-coordinadoras-facultad-de-ciencias-de-la-uco","status":"publish","type":"post","link":"https:\/\/cobandalucia.org\/en\/reunion-decana-y-coordinadoras-facultad-de-ciencias-de-la-uco\/","title":{"rendered":"Reuni\u00f3n Decana y Coordinadoras Facultad de ciencias de la UCO"},"content":{"rendered":"<p>En el d\u00eda de ayer mantuvimos una reuni\u00f3n institucional con D\u00f1a. Mar\u00eda del Carmen Ruiz Rold\u00e1n, recientemente nombrada Decana de la Facultad de Ciencias de la Universidad de C\u00f3rdoba, y las Coordinadoras del Grado de Biolog\u00eda, D\u00f1a. M\u00aa Teresa Morales Ruiz\u00a0y D\u00f1a. Cristina Crespo Bastias\u00a0en un encuentro marcado por un ambiente de gran cordialidad y esp\u00edritu constructivo.<\/p>\n<p>Durante la reuni\u00f3n se abordaron distintas v\u00edas de colaboraci\u00f3n entre ambas instituciones, poniendo en valor la importancia de estrechar la relaci\u00f3n entre el \u00e1mbito acad\u00e9mico y el profesional. Este primer acercamiento con el nuevo equipo, ha permitido sentar las bases para el desarrollo de futuras iniciativas conjuntas orientadas a generar oportunidades de valor tanto para el alumnado como para el Personal Docente e Investigador.<\/p>\n<p>Desde nuestra entidad destacamos especialmente la actitud proactiva y la disposici\u00f3n al di\u00e1logo mostrada, que sin duda abre nuevos puentes de colaboraci\u00f3n y refuerza el compromiso com\u00fan con la formaci\u00f3n, la innovaci\u00f3n y el desarrollo del conocimiento.<\/p>","protected":false},"excerpt":{"rendered":"<p>En el d\u00eda de ayer mantuvimos una reuni\u00f3n institucional con  [&#8230;]<\/p>\n","protected":false},"author":3,"featured_media":4869,"comment_status":"closed","ping_status":"closed","sticky":false,"template":"","format":"standard","meta":{"iawp_total_views":1,"footnotes":""},"categories":[69,67,75],"tags":[],"class_list":["post-4868","post","type-post","status-publish","format-standard","has-post-thumbnail","hentry","category-formacion","category-general","category-universidad-e-investigacion"],"_links":{"self":[{"href":"https:\/\/cobandalucia.org\/en\/wp-json\/wp\/v2\/posts\/4868","targetHints":{"allow":["GET"]}}],"collection":[{"href":"https:\/\/cobandalucia.org\/en\/wp-json\/wp\/v2\/posts"}],"about":[{"href":"https:\/\/cobandalucia.org\/en\/wp-json\/wp\/v2\/types\/post"}],"author":[{"embeddable":true,"href":"https:\/\/cobandalucia.org\/en\/wp-json\/wp\/v2\/users\/3"}],"replies":[{"embeddable":true,"href":"https:\/\/cobandalucia.org\/en\/wp-json\/wp\/v2\/comments?post=4868"}],"version-history":[{"count":1,"href":"https:\/\/cobandalucia.org\/en\/wp-json\/wp\/v2\/posts\/4868\/revisions"}],"predecessor-version":[{"id":4870,"href":"https:\/\/cobandalucia.org\/en\/wp-json\/wp\/v2\/posts\/4868\/revisions\/4870"}],"wp:featuredmedia":[{"embeddable":true,"href":"https:\/\/cobandalucia.org\/en\/wp-json\/wp\/v2\/media\/4869"}],"wp:attachment":[{"href":"https:\/\/cobandalucia.org\/en\/wp-json\/wp\/v2\/media?parent=4868"}],"wp:term":[{"taxonomy":"category","embeddable":true,"href":"https:\/\/cobandalucia.org\/en\/wp-json\/wp\/v2\/categories?post=4868"},{"taxonomy":"post_tag","embeddable":true,"href":"https:\/\/cobandalucia.org\/en\/wp-json\/wp\/v2\/tags?post=4868"}],"curies":[{"name":"wp","href":"https:\/\/api.w.org\/{rel}","templated":true}]}}